{"id":133211,"date":"2026-01-12T11:55:27","date_gmt":"2026-01-12T11:55:27","guid":{"rendered":"https:\/\/www.europesays.com\/se\/133211\/"},"modified":"2026-01-12T11:55:27","modified_gmt":"2026-01-12T11:55:27","slug":"ikvall-pa-tv-90-talets-stora-svenska-thriller-sags-av-765-000-biobesokare","status":"publish","type":"post","link":"https:\/\/www.europesays.com\/se\/133211\/","title":{"rendered":"Ikv\u00e4ll p\u00e5 tv: 90-talets stora svenska thriller s\u00e5gs av 765 000 biobes\u00f6kare"},"content":{"rendered":"<p>Ikv\u00e4ll visas svenska klassikern <a href=\"https:\/\/www.moviezine.se\/movies\/jagarna\" rel=\"nofollow noopener\" target=\"_blank\">\u201dJ\u00e4garna\u201d<\/a> i repris p\u00e5 tv. Thrillern s\u00e5gs av 765 445 biobes\u00f6kare och blev en av 1996 \u00e5rs stora filmframg\u00e5ngar. Recensenterna liknade den vid en \u201dnorrl\u00e4ndsk v\u00e4sternfilm\u201d. <\/p>\n<p>Handlingen f\u00f6ljer polismannen Erik som \u00e5terv\u00e4nder till Norrland efter en tid i Stockholm. Men hans h\u00e5rda polisattityd visar sig bli sv\u00e5rsm\u00e4lt f\u00f6r inv\u00e5narna i ett samh\u00e4lle som delvis styrs av oskrivna lagar. N\u00e4r han b\u00f6rjar nysta i en jakth\u00e4rva som involverar flera av hans gamla v\u00e4nner blir han snart allas fiende.<\/p>\n<p><img loading=\"lazy\" height=\"365\" width=\"648\" class=\"wp-image-684402 sp-no-webp perfmatters-lazy\" alt=\"\" decoding=\"async\" src=\"https:\/\/www.europesays.com\/se\/wp-content\/uploads\/2026\/01\/jagarna-rolf-lassgard-648x365.jpg\"  data-\/> <\/p>\n<p><strong>Rolf Lassg\u00e5rd <\/strong>fick upprepa rollen i en uppf\u00f6ljare och, f\u00e5r inte s\u00e5 m\u00e5nga \u00e5r sedan, en tv-serie med samma namn. Rollistan i \u201dJ\u00e4garna\u201d har ocks\u00e5 plats \u00e5t <strong>Helena Bergstr\u00f6m <\/strong>och <strong>Lennart J\u00e4hkel<\/strong>.<\/p>\n<p>H\u00e4r f\u00e5r publiken en klassisk machothriller med h\u00f6ga testosteronv\u00e4rden, men ocks\u00e5 grymt vackra naturbilder fr\u00e5n Norrland. MovieZines recensent Kim Nilsson menar att \u201dSundvalls thriller st\u00e5r sig f\u00f6rv\u00e5nansv\u00e4rt bra i dag\u201d. Han <a href=\"https:\/\/www.moviezine.se\/recensioner\/klassisk-machothriller\" rel=\"nofollow noopener\" target=\"_blank\">delar ut 3\/5 i betyg<\/a> och skriver:<\/p>\n<p>\u201dGenom att Kjell Sundvall p\u00e5 ett synnerligen slugt och effektivt s\u00e4tt band samman Norrlandsf\u00f6rdomar med fl\u00e4skiga actionscener h\u00e4mtade fr\u00e5n Hollywood, s\u00e5 skapades en helt ny genre inom svensk film. Egentligen borde det inte ha fungerat.\u201d Samtidigt kallas filmen f\u00f6r \u201dett intressant portr\u00e4tt av den klassiska machorollen\u201d.<\/p>\n<p>I en <a href=\"https:\/\/michaeltapper.se\/hem\/artiklar\/en-blyspark-i-magen-intervju-med-kjell-sundvall\/\" rel=\"nofollow noopener\" target=\"_blank\">intervju<\/a> f\u00f6rklarade regiss\u00f6ren <strong>Kjell Sundvall <\/strong>varf\u00f6r den amerikanska ber\u00e4ttarstilen passar honom b\u00e4ttre \u00e4n den traditionellt svenska:<\/p>\n<p>\u2013 Jag ville g\u00f6ra s\u00e5dana filmer som jag sj\u00e4lv gick och s\u00e5g p\u00e5 bio. Det ska vara en fysisk upplevelse, en blyspark i magen s\u00e5 att \u00e5sk\u00e5daren g\u00e5r ut ur salongen helt j***a uppskr\u00e4md och svettig.<\/p>\n<p>Kjell Sundvall tog emot en Guldbagge f\u00f6r b\u00e4sta regi, och Lennart J\u00e4hkel bel\u00f6nades f\u00f6r b\u00e4sta manliga biroll.<\/p>\n<p>H\u00e4r kan du se \u201dJ\u00e4garna\u201d:<\/p>\n<ul class=\"wp-block-list\">\n<li>Ikv\u00e4ll (m\u00e5ndag) 21:00 p\u00e5 TV12<\/li>\n<li>Repris l\u00f6rdag 00:00 i Sjuan<\/li>\n<li>Streama gratis p\u00e5 TV4 Play<\/li>\n<li>Streama gratis p\u00e5 Cineasterna<\/li>\n<\/ul>\n<p><img loading=\"lazy\" decoding=\"async\" alt=\"YouTube video\" width=\"480\" height=\"360\" data-pin-nopin=\"true\" nopin=\"nopin\" class=\"perfmatters-lazy\" src=\"https:\/\/www.europesays.com\/se\/wp-content\/uploads\/2026\/01\/1768218927_705_hqdefault.jpg\"\/><\/p>\n<p>L\u00e4s ocks\u00e5: <a href=\"https:\/\/www.moviezine.se\/nyheter\/se-rolf-lassgard-i-mysig-dansk-romcom-fran-2024-nu-pa-svt-play\" title=\"Se Rolf Lassg\u00e5rd i mysig dansk romcom fr\u00e5n 2024 \u2013 nu p\u00e5 SVT Play\" class=\"underline-custom !font-montserrat !font-bold !underline-offset-4 !decoration-4 !decoration-moviezine-green !text-md\" rel=\"nofollow noopener\" target=\"_blank\">Se Rolf Lassg\u00e5rd i mysig dansk romcom fr\u00e5n 2024 \u2013 nu p\u00e5 SVT Play<\/a><\/p>\n<p>L\u00e4s ocks\u00e5: <a href=\"https:\/\/www.moviezine.se\/nyheter\/forsta-bilderna-pa-rolf-lassgard-i-john-ajvide-lindqvist-thriller\" title=\"F\u00f6rsta bilderna p\u00e5 Rolf Lassg\u00e5rd i John Ajvide Lindqvist-thriller\" class=\"underline-custom !font-montserrat !font-bold !underline-offset-4 !decoration-4 !decoration-moviezine-green !text-md\" rel=\"nofollow noopener\" target=\"_blank\">F\u00f6rsta bilderna p\u00e5 Rolf Lassg\u00e5rd i John Ajvide Lindqvist-thriller<\/a><\/p>\n","protected":false},"excerpt":{"rendered":"Ikv\u00e4ll visas svenska klassikern \u201dJ\u00e4garna\u201d i repris p\u00e5 tv. Thrillern s\u00e5gs av 765 445 biobes\u00f6kare och blev en&hellip;\n","protected":false},"author":2,"featured_media":133212,"comment_status":"","ping_status":"","sticky":false,"template":"","format":"standard","meta":{"footnotes":""},"categories":[67],"tags":[104,34,2535,31,33,32,30,2768,105],"class_list":{"0":"post-133211","1":"post","2":"type-post","3":"status-publish","4":"format-standard","5":"has-post-thumbnail","7":"category-underhallning","8":"tag-entertainment","9":"tag-se","10":"tag-svensk-film","11":"tag-svenska","12":"tag-sverige","13":"tag-sweden","14":"tag-swedish","15":"tag-tv-tips","16":"tag-underhallning"},"share_on_mastodon":{"url":"https:\/\/pubeurope.com\/@se\/115882001865203097","error":""},"_links":{"self":[{"href":"https:\/\/www.europesays.com\/se\/wp-json\/wp\/v2\/posts\/133211","targetHints":{"allow":["GET"]}}],"collection":[{"href":"https:\/\/www.europesays.com\/se\/wp-json\/wp\/v2\/posts"}],"about":[{"href":"https:\/\/www.europesays.com\/se\/wp-json\/wp\/v2\/types\/post"}],"author":[{"embeddable":true,"href":"https:\/\/www.europesays.com\/se\/wp-json\/wp\/v2\/users\/2"}],"replies":[{"embeddable":true,"href":"https:\/\/www.europesays.com\/se\/wp-json\/wp\/v2\/comments?post=133211"}],"version-history":[{"count":0,"href":"https:\/\/www.europesays.com\/se\/wp-json\/wp\/v2\/posts\/133211\/revisions"}],"wp:featuredmedia":[{"embeddable":true,"href":"https:\/\/www.europesays.com\/se\/wp-json\/wp\/v2\/media\/133212"}],"wp:attachment":[{"href":"https:\/\/www.europesays.com\/se\/wp-json\/wp\/v2\/media?parent=133211"}],"wp:term":[{"taxonomy":"category","embeddable":true,"href":"https:\/\/www.europesays.com\/se\/wp-json\/wp\/v2\/categories?post=133211"},{"taxonomy":"post_tag","embeddable":true,"href":"https:\/\/www.europesays.com\/se\/wp-json\/wp\/v2\/tags?post=133211"}],"curies":[{"name":"wp","href":"https:\/\/api.w.org\/{rel}","templated":true}]}}