{"id":133220,"date":"2026-01-12T12:06:19","date_gmt":"2026-01-12T12:06:19","guid":{"rendered":"https:\/\/www.europesays.com\/se\/133220\/"},"modified":"2026-01-12T12:06:19","modified_gmt":"2026-01-12T12:06:19","slug":"utrikesministerns-tal-vid-folk-och-forsvar-2026","status":"publish","type":"post","link":"https:\/\/www.europesays.com\/se\/133220\/","title":{"rendered":"Utrikesministerns tal vid Folk och F\u00f6rsvar 2026"},"content":{"rendered":"<p>Ers Majest\u00e4t, Ers Kungliga H\u00f6ghet, K\u00e4ra \u00e5h\u00f6rare,<\/p>\n<p>Jag vill tala om Europa.<\/p>\n<p>Ett Europa som tryggar sin egen s\u00e4kerhet.\u00a0<\/p>\n<p>Ett Europa som kan s\u00e4tta agendan \u2013 snarare \u00e4n att bara reagera p\u00e5 h\u00e4ndelser i v\u00e5r omv\u00e4rld.\u00a0<\/p>\n<p>Ett Europa som kan f\u00f6rsvara sina intressen i en v\u00e4rld som pr\u00e4glas av konkurrens, konflikt och konfrontation.\u00a0<\/p>\n<p>N\u00e4r andra f\u00f6rs\u00f6ker splittra Europa \u2013 b\u00e5de utifr\u00e5n och inifr\u00e5n \u2013 ska Sverige och Norden vara en st\u00e4rkande och samlande kraft.\u00a0<\/p>\n<p>Jag ser framf\u00f6r mig fem uppgifter f\u00f6r att Europa ska kunna m\u00f6ta omfattningen av de s\u00e4kerhetspolitiska utmaningar som vi nu st\u00e5r inf\u00f6r. \u00a0<\/p>\n<p><strong>F\u00f6r det f\u00f6rsta: <\/strong>Varje diskussion om europeisk s\u00e4kerhet b\u00f6rjar och slutar i Ukraina. D\u00e4rf\u00f6r m\u00e5ste st\u00f6det till Ukraina \u00f6ka.<\/p>\n<p>JD Vance skakade bokstavligt talat om Europa genom sitt tal i M\u00fcnchen f\u00f6r snart ett \u00e5r sedan. Men det jag bar med mig fr\u00e5n M\u00fcnchen var inte det talet. Det jag bar med mig var m\u00f6tet med den enarmade ukrainske unge man, som kommit fr\u00e5n fronten i Ukraina.\u00a0<\/p>\n<p>Han ville inte tala om armen, som han f\u00f6rlorat i kriget, utan om sin b\u00e4ste v\u00e4n, som han f\u00f6rlorat i kriget. Han hade en uppmaning till oss: se till s\u00e5 att min v\u00e4n inte dog f\u00f6rg\u00e4ves.\u00a0<\/p>\n<p>Det skakade om mig.<\/p>\n<p>***<\/p>\n<p>Vi vet vad Ukraina beh\u00f6ver \u2013 oavsett utfallet i de f\u00f6rhandlingar som nu p\u00e5g\u00e5r: mer pengar och fler vapen.<\/p>\n<p>Sverige och v\u00e5ra nordiska grannar g\u00f6r v\u00e5r del, och mer d\u00e4rtill. Listan \u00f6ver de l\u00e4nder i v\u00e4rlden som ger allra mest till Ukraina i relation till sin egen BNP toppades f\u00f6rra \u00e5ret av Sverige, Danmark och Norge.\u00a0<\/p>\n<p>De nordiska l\u00e4nderna stod tillsammans f\u00f6r en tredjedel av Natol\u00e4ndernas samlade milit\u00e4ra st\u00f6d till Ukraina.<\/p>\n<p>Vad som kommer kr\u00e4vas fram\u00f6ver \u00e4r ett bredare, mer l\u00e5ngsiktigt, gemensamt europeiskt ansvarstagande.<\/p>\n<p>Vi har kommit en bit p\u00e5 v\u00e4gen: EU-l\u00e5net p\u00e5 90 miljarder euro som Europeiska r\u00e5det beslutade om i december, kommer att t\u00e4cka tv\u00e5 tredjedelar av Ukrainas finansieringsbehov de kommande tv\u00e5 \u00e5ren.<\/p>\n<p>Det \u00e4r bra, och Sverige har varit p\u00e5drivande. Ukrainska soldater, brandm\u00e4n och sjuksk\u00f6terskor kommer att forts\u00e4tta f\u00e5 sina l\u00f6ner. Ukraina kommer att forts\u00e4tta kunna f\u00f6rsvara sin frihet \u2013 och v\u00e5r. Men det r\u00e4cker inte. Samtliga l\u00e4nder i Europa m\u00e5ste forts\u00e4tta att bidra, ocks\u00e5 nationellt. Och \u00f6ver tid.<\/p>\n<p>Det \u00e4r stora belopp som kommer kr\u00e4vas. Men de \u00e4r inte om\u00f6jliga j\u00e4mf\u00f6rt med vad Europa spenderade p\u00e5 till exempel pandemist\u00f6d.\u00a0<\/p>\n<p>Dessutom m\u00e5ste kostnaden st\u00e4llas mot konsekvenserna av att inte hj\u00e4lpa Ukraina.\u00a0<\/p>\n<p>Den ryska statsledningen har hela tiden varit tydlig: Det slutliga m\u00e5let f\u00f6r krigf\u00f6ringen i Ukraina \u00e4r inte milit\u00e4r kontroll \u00f6ver begr\u00e4nsade omr\u00e5den i Donbass. Det \u00e4r politisk kontroll \u00f6ver hela Ukraina, och en ny s\u00e4kerhetspolitisk karta \u00f6ver Europa.<\/p>\n<p><strong>F\u00f6r det andra:<\/strong> Pressen p\u00e5 Ryssland m\u00e5ste \u00f6ka.\u00a0<\/p>\n<p>D\u00e4rf\u00f6r har min finska kollega Elina och jag presenterat tre f\u00f6rslag inf\u00f6r kommande sanktionspaket.<\/p>\n<p>Vi vill se ett totalt f\u00f6rbud f\u00f6r alla europeiska f\u00f6retag att erbjuda n\u00e5gra som helst tj\u00e4nster till fartyg som fraktar rysk olja, gas och kol.\u00a0<\/p>\n<p>Inga transporter. Inga \u00f6verf\u00f6ringar av last mellan fartyg. Inga f\u00f6rs\u00e4kringar. Inga reparationer i hamn.\u00a0<\/p>\n<p>Vi vill se \u00e5tg\u00e4rder mot rysk g\u00f6dsel, som \u00e4r den tredje st\u00f6rsta ryska exportvaran till EU.<\/p>\n<p>Och vi vill s\u00e4tta stopp f\u00f6r exporten av lyxvaror fr\u00e5n EU till Ryssland. Det \u00e4r inte avg\u00f6rande f\u00f6r den ryska krigsekonomin, men det \u00e4r moraliskt r\u00e4tt.\u00a0<\/p>\n<p>Det provocerar mig att rika ryska konsumenter kan kl\u00e4 sig i dyra italienska m\u00e4rkeskl\u00e4der och dricka fina franska viner.\u00a0<\/p>\n<p>Ett land ska inte kunna bryta mot europeiska v\u00e4rderingar och \u00e4nd\u00e5 kunna f\u00e5 ta del av exklusiva europeiska produkter.\u00a0<\/p>\n<p>Trots 19 sanktionspaket finns allts\u00e5 mycket kvar att g\u00f6ra f\u00f6r att \u00f6ka trycket p\u00e5 Ryssland.<\/p>\n<p><strong>F\u00f6r det tredje:<\/strong> Den transatlantiska relationen beh\u00f6ver en ny balans. \u00a0<\/p>\n<p>Det \u00e4r logiskt att Europa tar ett st\u00f6rre ansvar i Nato n\u00e4r USA:s strategiska prioriteringar viktas om.\u00a0<\/p>\n<p>Vi tog ett stort steg vid toppm\u00f6tet i Haag, med ett nytt gemensamt utgiftsm\u00e5l. Nu m\u00e5ste det snabbt oms\u00e4ttas i reella f\u00f6rm\u00e5gor, som kan st\u00e4rka v\u00e5r kollektiva avskr\u00e4ckning och v\u00e5rt f\u00f6rsvar.\u00a0<\/p>\n<p>Sverige tar sitt ansvar nationellt. Och vi siktar p\u00e5 att g\u00f6ra det i ett h\u00f6gre tempo \u00e4n Haagbeslutet kr\u00e4ver.\u00a0<\/p>\n<p>Vi tar ocks\u00e5 ansvar som alliansmedlem. Svensk milit\u00e4r n\u00e4rvaro i Lettland har p\u00e5taglig betydelse. Liksom v\u00e5rt ledarskap f\u00f6r Natos framskjutna n\u00e4rvaro i Finland, som ocks\u00e5 \u00e4r ett uttryck f\u00f6r den \u00f6kade betydelsen av Arktis och nordomr\u00e5dena.\u00a0<\/p>\n<p>Svenska fartyg st\u00e4rker Natos n\u00e4rvaro i \u00d6stersj\u00f6n, och vi bidrar till att f\u00f6rst\u00e4rka avskr\u00e4ckningen l\u00e4ngs hela Natos \u00f6stra flank.\u00a0<\/p>\n<p>Precis som v\u00e5ra n\u00e4rmaste grannar har vi l\u00e4rt oss en sak genom historien: Ryssland stannar inte \u2013 Ryssland stoppas.<\/p>\n<p>Och n\u00e4r det g\u00e4ller stabiliteten mellan Europa och Ryssland, som n\u00e4mns i den nyligen publicerade amerikanska s\u00e4kerhetsstrategin, f\u00f6ruts\u00e4tter den en sak: Ett Ryssland som h\u00e5ller sig \u2013 och h\u00e5lls \u2013 inom sina internationellt erk\u00e4nda gr\u00e4nser.<\/p>\n<p><strong>F\u00f6r det fj\u00e4rde:<\/strong> Vi beh\u00f6ver bejaka ett geopolitiskt EU.<\/p>\n<p>Det europeiska samarbetet skapades i f\u00f6rsta hand f\u00f6r att hantera interna europeiska utmaningar.\u00a0<\/p>\n<p>Men steg f\u00f6r steg har vi l\u00e4rt oss hur viktigt EU \u00e4r, ocks\u00e5 i relation till v\u00e4rlden utanf\u00f6r unionen.\u00a0<\/p>\n<p>Genom handelspolitiken, genom utvidgningspolitiken och genom den gemensamma utrikes- och s\u00e4kerhetspolitiken.\u00a0<\/p>\n<p>Denna externa dimension beh\u00f6ver nu st\u00e4rkas ytterligare.<\/p>\n<p>Utrikespolitiskt \u2013 d\u00e4r EU skulle bli mer handlingskraftigt om fler beslut kunde fattas med kvalificerad majoritet.<\/p>\n<p>F\u00f6rvarspolitiskt \u2013 d\u00e4r Sverige bejakar den framv\u00e4xande f\u00f6rsvarsdimensionen inom EU, som ett komplement och ett st\u00f6d till Nato.\u00a0<\/p>\n<p>Och inte minst ekonomiskt.<\/p>\n<p>Med den inre marknaden som hj\u00e4rta \u00e4r EU p\u00e5 riktigt en ekonomisk stormakt.\u00a0<\/p>\n<p>Av v\u00e4rldens tio mest innovativa l\u00e4nder \u00e4r sex europeiska, och fyra \u2013 Sverige, Finland, Nederl\u00e4nderna och Danmark \u2013 \u00e4r EU-l\u00e4nder.<\/p>\n<p>***<\/p>\n<p>Ibland tror jag att vi underskattar v\u00e5r egen betydelse.<\/p>\n<p>***<\/p>\n<p>Att man fr\u00e5n Latinamerika till Indien vill f\u00f6rdjupa sin handel och sitt samarbete med EU visar att vi \u00e4r en relevant, strategisk och p\u00e5litlig partner. Just p\u00e5litligheten har visat sig vara en stark valuta i dessa stormiga tider.<\/p>\n<p>Det \u00e4r ocks\u00e5 genom EU \u2013 och genom de partnerskap som unionen kan bygga \u2013 som vi har v\u00e5r b\u00e4sta chans att p\u00e5verka den globala utvecklingen, att v\u00e4rna folkr\u00e4tten, och att verka f\u00f6r fortsatt internationellt samarbete enligt den regelbaserade v\u00e4rldsordning som har gjort v\u00e4rlden s\u00e4krare, rikare och friare sedan andra v\u00e4rldskriget.<\/p>\n<p><strong>F\u00f6r det femte:<\/strong> Vi ska st\u00e4rka samarbetet med v\u00e5ra n\u00e4rmaste grannar och v\u00e4nner.\u00a0<\/p>\n<p>Nato \u00e4r v\u00e5r viktigaste f\u00f6rsvarspolitiska arena, och EU den viktigaste f\u00f6r utrikespolitiken.<\/p>\n<p>Vi kompletterar det med ett n\u00e4tverk av n\u00e4rmare samarbeten med partner och allierade i v\u00e5rt n\u00e4romr\u00e5de. Med dem som st\u00e5r oss n\u00e4rmast. Med v\u00e5ra v\u00e4nner.<\/p>\n<p>Vi driver p\u00e5 det nordiska och nordisk-baltiska samarbetet, som i dag \u00e4r t\u00e4tare \u00e4n n\u00e5gonsin.<\/p>\n<p>Vi st\u00e4rker den s\u00e4kerhetspolitiska dialogen mellan l\u00e4nderna i \u00d6stersj\u00f6staternas r\u00e5d (CBSS) \u2013 d\u00e4r \u00e4ven Polen och Tyskland ing\u00e5r. Den kretsen kommer att bli \u00e4nnu viktigare fram\u00f6ver.\u00a0<\/p>\n<p>Att Polen valde Sverige som partner f\u00f6r att bygga upp sin ub\u00e5tsf\u00f6rm\u00e5ga \u00f6ppnar nya m\u00f6jligheter till f\u00f6rst\u00e4rkt samarbete, ocks\u00e5 p\u00e5 andra omr\u00e5den, mellan Stockholm och Warszawa.\u00a0<\/p>\n<p>Vi v\u00e4nner i norr och runt \u00d6stersj\u00f6n utg\u00f6r nu \u2013 tillsammans med strategiska partners som Storbritannien och Frankrike \u2013 en s\u00e4kerhetspolitisk motor f\u00f6r hela Europa.<\/p>\n<p>***<\/p>\n<p>Att \u00f6ka st\u00f6det till Ukraina. Att \u00f6ka pressen p\u00e5 Ryssland. Att st\u00e4rka Europas roll i Nato. Att verka f\u00f6r ett starkare EU. Och att bygga \u00e4nnu starkare band med v\u00e5ra n\u00e4rmaste v\u00e4nner och grannar.<\/p>\n<p>Detta \u00e4r v\u00e5ra uppgifter.<\/p>\n<p>Hotet i \u00f6ster, och signalerna fr\u00e5n v\u00e4ster, \u00e4r av helt olika natur. Men svaret \u00e4r detsamma: att st\u00e4rka Europa.<\/p>\n<p>Mer \u00e4n n\u00e5gonsin \u00e4r nu ett starkt europeiskt samarbete ett svenskt k\u00e4rnintresse.\u00a0<\/p>\n<p>N\u00e4r Europa st\u00e5r starkt, st\u00e5r Sverige \u00e4nnu starkare. N\u00e4r Europa rustar blir svenskarna s\u00e4krare. N\u00e4r Europa blir mer konkurrenskraftigt blir Sverige rikare.\u00a0<\/p>\n<p>Europa \u00e4r inte bara en kontinent p\u00e5 en karta.\u00a0<\/p>\n<p>Europa inneb\u00e4r ett l\u00f6fte om att samarbete och gemensamma demokratiska institutioner kan \u00f6vervinna historiska konflikter, och g\u00f6ra forna fiender till v\u00e4nner.<\/p>\n<p>Europa inneb\u00e4r lag och ordning \u2013 inom stater, och mellan stater.<\/p>\n<p>Europa inneb\u00e4r m\u00e4nskliga r\u00e4ttigheter \u2013 inte bara i ord. Det \u00e4r v\u00e5rt Europa, och det \u00e4r ett Europa som \u00e4r v\u00e4rt att f\u00f6rsvara.\u00a0<\/p>\n","protected":false},"excerpt":{"rendered":"Ers Majest\u00e4t, Ers Kungliga H\u00f6ghet, K\u00e4ra \u00e5h\u00f6rare, Jag vill tala om Europa. Ett Europa som tryggar sin egen&hellip;\n","protected":false},"author":2,"featured_media":67452,"comment_status":"","ping_status":"","sticky":false,"template":"","format":"standard","meta":{"footnotes":""},"categories":[14],"tags":[22,23,26,27,17,21,24,25,28,29,15,16,18,34,31,33,32,30,19,20,51,52,53,54],"class_list":{"0":"post-133220","1":"post","2":"type-post","3":"status-publish","4":"format-standard","5":"has-post-thumbnail","7":"category-varlden","8":"tag-breaking-news","9":"tag-breakingnews","10":"tag-featured-news","11":"tag-featurednews","12":"tag-headlines","13":"tag-huvudnyheter","14":"tag-latest-news","15":"tag-latestnews","16":"tag-main-news","17":"tag-mainnews","18":"tag-news","19":"tag-nyheter","20":"tag-rubriker","21":"tag-se","22":"tag-svenska","23":"tag-sverige","24":"tag-sweden","25":"tag-swedish","26":"tag-top-stories","27":"tag-topstories","28":"tag-varlden","29":"tag-world","30":"tag-world-news","31":"tag-worldnews"},"share_on_mastodon":{"url":"https:\/\/pubeurope.com\/@se\/115882045132178150","error":""},"_links":{"self":[{"href":"https:\/\/www.europesays.com\/se\/wp-json\/wp\/v2\/posts\/133220","targetHints":{"allow":["GET"]}}],"collection":[{"href":"https:\/\/www.europesays.com\/se\/wp-json\/wp\/v2\/posts"}],"about":[{"href":"https:\/\/www.europesays.com\/se\/wp-json\/wp\/v2\/types\/post"}],"author":[{"embeddable":true,"href":"https:\/\/www.europesays.com\/se\/wp-json\/wp\/v2\/users\/2"}],"replies":[{"embeddable":true,"href":"https:\/\/www.europesays.com\/se\/wp-json\/wp\/v2\/comments?post=133220"}],"version-history":[{"count":0,"href":"https:\/\/www.europesays.com\/se\/wp-json\/wp\/v2\/posts\/133220\/revisions"}],"wp:featuredmedia":[{"embeddable":true,"href":"https:\/\/www.europesays.com\/se\/wp-json\/wp\/v2\/media\/67452"}],"wp:attachment":[{"href":"https:\/\/www.europesays.com\/se\/wp-json\/wp\/v2\/media?parent=133220"}],"wp:term":[{"taxonomy":"category","embeddable":true,"href":"https:\/\/www.europesays.com\/se\/wp-json\/wp\/v2\/categories?post=133220"},{"taxonomy":"post_tag","embeddable":true,"href":"https:\/\/www.europesays.com\/se\/wp-json\/wp\/v2\/tags?post=133220"}],"curies":[{"name":"wp","href":"https:\/\/api.w.org\/{rel}","templated":true}]}}