{"id":133221,"date":"2026-01-12T12:07:16","date_gmt":"2026-01-12T12:07:16","guid":{"rendered":"https:\/\/www.europesays.com\/se\/133221\/"},"modified":"2026-01-12T12:07:16","modified_gmt":"2026-01-12T12:07:16","slug":"valdtog-flickor-via-snapchat-man-doms","status":"publish","type":"post","link":"https:\/\/www.europesays.com\/se\/133221\/","title":{"rendered":"V\u00e5ldtog flickor via Snapchat \u2013 man d\u00f6ms"},"content":{"rendered":"<p>Totalt fanns 14 m\u00e5ls\u00e4gande i fallet, den yngsta bara nio \u00e5r gammal. Mannen utgav sig f\u00f6r att vara 17 \u00e5r gammal n\u00e4r han skrev till vissa av flickorna \u2013 och n\u00e4r de skickat bilder p\u00e5 sig sj\u00e4lva anv\u00e4nde han hot och utpressning f\u00f6r att f\u00e5 dem att skicka fler.<\/p>\n<p>Han d\u00f6ms nu till sju \u00e5rs f\u00e4ngelse i G\u00f6teborgs tingsr\u00e4tt. Mannen ska \u00e4ven betala skadest\u00e5nd p\u00e5 omkring en miljon kronor till brottsoffren.<\/p>\n","protected":false},"excerpt":{"rendered":"Totalt fanns 14 m\u00e5ls\u00e4gande i fallet, den yngsta bara nio \u00e5r gammal. Mannen utgav sig f\u00f6r att vara&hellip;\n","protected":false},"author":2,"featured_media":133222,"comment_status":"","ping_status":"","sticky":false,"template":"","format":"standard","meta":{"footnotes":""},"categories":[12],"tags":[22,23,26,27,17,21,24,25,28,29,15,16,18,34,31,33,32,30,19,20],"class_list":{"0":"post-133221","1":"post","2":"type-post","3":"status-publish","4":"format-standard","5":"has-post-thumbnail","7":"category-sverige","8":"tag-breaking-news","9":"tag-breakingnews","10":"tag-featured-news","11":"tag-featurednews","12":"tag-headlines","13":"tag-huvudnyheter","14":"tag-latest-news","15":"tag-latestnews","16":"tag-main-news","17":"tag-mainnews","18":"tag-news","19":"tag-nyheter","20":"tag-rubriker","21":"tag-se","22":"tag-svenska","23":"tag-sverige","24":"tag-sweden","25":"tag-swedish","26":"tag-top-stories","27":"tag-topstories"},"share_on_mastodon":{"url":"https:\/\/pubeurope.com\/@se\/115882049068387817","error":""},"_links":{"self":[{"href":"https:\/\/www.europesays.com\/se\/wp-json\/wp\/v2\/posts\/133221","targetHints":{"allow":["GET"]}}],"collection":[{"href":"https:\/\/www.europesays.com\/se\/wp-json\/wp\/v2\/posts"}],"about":[{"href":"https:\/\/www.europesays.com\/se\/wp-json\/wp\/v2\/types\/post"}],"author":[{"embeddable":true,"href":"https:\/\/www.europesays.com\/se\/wp-json\/wp\/v2\/users\/2"}],"replies":[{"embeddable":true,"href":"https:\/\/www.europesays.com\/se\/wp-json\/wp\/v2\/comments?post=133221"}],"version-history":[{"count":0,"href":"https:\/\/www.europesays.com\/se\/wp-json\/wp\/v2\/posts\/133221\/revisions"}],"wp:featuredmedia":[{"embeddable":true,"href":"https:\/\/www.europesays.com\/se\/wp-json\/wp\/v2\/media\/133222"}],"wp:attachment":[{"href":"https:\/\/www.europesays.com\/se\/wp-json\/wp\/v2\/media?parent=133221"}],"wp:term":[{"taxonomy":"category","embeddable":true,"href":"https:\/\/www.europesays.com\/se\/wp-json\/wp\/v2\/categories?post=133221"},{"taxonomy":"post_tag","embeddable":true,"href":"https:\/\/www.europesays.com\/se\/wp-json\/wp\/v2\/tags?post=133221"}],"curies":[{"name":"wp","href":"https:\/\/api.w.org\/{rel}","templated":true}]}}