{"id":133225,"date":"2026-01-12T12:13:07","date_gmt":"2026-01-12T12:13:07","guid":{"rendered":"https:\/\/www.europesays.com\/se\/133225\/"},"modified":"2026-01-12T12:13:07","modified_gmt":"2026-01-12T12:13:07","slug":"regeringen-tar-emot-betankandet-fran-utredningen-om-genomforande-av-plattformsdirektivet","status":"publish","type":"post","link":"https:\/\/www.europesays.com\/se\/133225\/","title":{"rendered":"Regeringen tar emot bet\u00e4nkandet fr\u00e5n Utredningen om genomf\u00f6rande av plattformsdirektivet"},"content":{"rendered":"<p>                &#13;<br \/>\n                    Pressmeddelande fr\u00e5n <a href=\"https:\/\/www.regeringen.se\/tx\/1284\" rel=\"nofollow noopener\" target=\"_blank\">Arbetsmarknadsdepartementet<\/a>&#13;<br \/>\n                    &#13;<br \/>\n                    &#13;<\/p>\n<p>&#13;<br \/>\n            Publicerad 12 januari 2026&#13;\n    <\/p>\n<p>&#13;<\/p>\n<p class=\"ingress has-wordExplanation\">&#13;<br \/>\nI dag, den 12 januari 2026, tar regeringen emot bet\u00e4nkandet fr\u00e5n Utredningen om genomf\u00f6rande plattformsdirektivet. Bet\u00e4nkandet inneh\u00e5ller f\u00f6rslag p\u00e5 hur EU:s s\u00e5 kallade plattformsdirektiv ska genomf\u00f6ras i svensk r\u00e4tt. Utredningen f\u00f6resl\u00e5r bland annat att en ny lag inf\u00f6rs \u2013 lagen om plattformsarbete.<\/p>\n<p>Plattformsdirektivet antogs den 23 oktober 2024. Syftet med direktivet \u00e4r bland annat att f\u00f6rb\u00e4ttra arbetsvillkoren f\u00f6r de som jobbar via digitala arbetsplattformar. En central fr\u00e5ga i direktivet \u00e4r vem som ska anses vara arbetstagare vid plattformsarbete. Utredningen har haft i uppdrag att l\u00e4mna f\u00f6rslag p\u00e5 hur direktivet ska genomf\u00f6ras i svensk r\u00e4tt och har nu \u00f6verl\u00e4mnat sitt bet\u00e4nkande till regeringen.<\/p>\n<p>Utredningen f\u00f6resl\u00e5r bland annat att:<\/p>\n<ul>\n<li>plattformsdirektivet ska genomf\u00f6ras genom en ny lag: lagen om plattformsarbete,<\/li>\n<li>den nya lagen ska inneh\u00e5lla best\u00e4mmelser om n\u00e4r en person som utf\u00f6r plattformsarbete ska anses vara arbetstagare,<\/li>\n<li>den nya lagen ska inneh\u00e5lla best\u00e4mmelser om algoritmisk verksamhetsledning, det vill s\u00e4ga arbetsledning som sker genom eller med st\u00f6d av automatiserade datasystem.\u00a0<\/li>\n<\/ul>\n<p>Bet\u00e4nkandet g\u00e5r nu vidare f\u00f6r remissbehandling.<\/p>\n","protected":false},"excerpt":{"rendered":"&#13; Pressmeddelande fr\u00e5n Arbetsmarknadsdepartementet&#13; &#13; &#13; &#13; Publicerad 12 januari 2026&#13; &#13; &#13; I dag, den 12 januari&hellip;\n","protected":false},"author":2,"featured_media":67452,"comment_status":"","ping_status":"","sticky":false,"template":"","format":"standard","meta":{"footnotes":""},"categories":[65],"tags":[72,70,71,34,31,33,32,30],"class_list":{"0":"post-133225","1":"post","2":"type-post","3":"status-publish","4":"format-standard","5":"has-post-thumbnail","7":"category-ekonomi","8":"tag-business","9":"tag-economy","10":"tag-ekonomi","11":"tag-se","12":"tag-svenska","13":"tag-sverige","14":"tag-sweden","15":"tag-swedish"},"share_on_mastodon":{"url":"https:\/\/pubeurope.com\/@se\/115882072611813281","error":""},"_links":{"self":[{"href":"https:\/\/www.europesays.com\/se\/wp-json\/wp\/v2\/posts\/133225","targetHints":{"allow":["GET"]}}],"collection":[{"href":"https:\/\/www.europesays.com\/se\/wp-json\/wp\/v2\/posts"}],"about":[{"href":"https:\/\/www.europesays.com\/se\/wp-json\/wp\/v2\/types\/post"}],"author":[{"embeddable":true,"href":"https:\/\/www.europesays.com\/se\/wp-json\/wp\/v2\/users\/2"}],"replies":[{"embeddable":true,"href":"https:\/\/www.europesays.com\/se\/wp-json\/wp\/v2\/comments?post=133225"}],"version-history":[{"count":0,"href":"https:\/\/www.europesays.com\/se\/wp-json\/wp\/v2\/posts\/133225\/revisions"}],"wp:featuredmedia":[{"embeddable":true,"href":"https:\/\/www.europesays.com\/se\/wp-json\/wp\/v2\/media\/67452"}],"wp:attachment":[{"href":"https:\/\/www.europesays.com\/se\/wp-json\/wp\/v2\/media?parent=133225"}],"wp:term":[{"taxonomy":"category","embeddable":true,"href":"https:\/\/www.europesays.com\/se\/wp-json\/wp\/v2\/categories?post=133225"},{"taxonomy":"post_tag","embeddable":true,"href":"https:\/\/www.europesays.com\/se\/wp-json\/wp\/v2\/tags?post=133225"}],"curies":[{"name":"wp","href":"https:\/\/api.w.org\/{rel}","templated":true}]}}