{"id":133228,"date":"2026-01-12T12:16:15","date_gmt":"2026-01-12T12:16:15","guid":{"rendered":"https:\/\/www.europesays.com\/se\/133228\/"},"modified":"2026-01-12T12:16:15","modified_gmt":"2026-01-12T12:16:15","slug":"sa-foljer-du-herrlagets-traningslager-i-spanien","status":"publish","type":"post","link":"https:\/\/www.europesays.com\/se\/133228\/","title":{"rendered":"S\u00e5 f\u00f6ljer du herrlagets tr\u00e4ningsl\u00e4ger i Spanien"},"content":{"rendered":"<p>Under f\u00f6rra veckan \u00e5tersamlades herrlaget efter n\u00e5gra veckors ledighet och p\u00e5 en sn\u00f6ig tr\u00e4ningsplan h\u00f6ll v\u00e5r nya huvudtr\u00e4nare Miguel Angel Ramirez sina f\u00f6rsta pass. Nu b\u00f6rjar uppladdningen f\u00f6r Europa League-matcherna mot Crvena Svezda och KRC Genk och den sker i spanska Sotogrande.<\/p>\n<p>L\u00e4gret i Spanien kan du som supporter f\u00f6lja lagets vistelse p\u00e5 n\u00e4ra h\u00e5ll via mff.se, MFF Play och i v\u00e5ra sociala kanaler. En tr\u00e4ningsmatch, mot tjeckiska Sparta Prag, \u00e4r inbokad p\u00e5 l\u00e4gret och den s\u00e4nds i <a href=\"https:\/\/mffplay.se\/mffplay\" rel=\"nofollow noopener\" target=\"_blank\">MFF Play<\/a>.<\/p>\n<p>Tr\u00e4ningsmatch<\/p>\n<p><strong>Malm\u00f6 FF \u2013 Sparta Prag<\/strong><br \/>Fredag 16 januari, kl 15.00<br \/>Spelplats meddelas senare<br \/><strong>TV:<\/strong> <a href=\"https:\/\/mffplay.se\/mffplay\" rel=\"nofollow noopener\" target=\"_blank\">MFF Play<\/a><\/p>\n<p>Truppen p\u00e5 plats i Spanien<\/p>\n<p><strong>M\u00e5lvakter:<\/strong> Johan Dahlin, Melker Ellborg, William Nieroth Lundgren, Robin Olsen<\/p>\n<p><strong>F\u00f6rsvarare:<\/strong> Gabriel Busanello, Andrej Djuric, Malte Frejd P\u00e5lsson, Pontus Jansson, Johan Karlsson, Martin Olsson, Colin R\u00f6sler, Jens Stryger<\/p>\n<p><strong>Mittf\u00e4ltare och anfallare:<\/strong> Taha Ali, Lasse Berg Johnsen, Hugo Bolin, Erik Botheim, Kenan Busuladzic, Anders Christiansen, Emmanuel Ekong, Daniel Gudjohnsen, Sead Haksabanovic, Oscar Lewicki, Theodor Lundbergh, Jovan Milosavljevic, Otto Rosengren, Arn\u00f3r Sigurdsson, Adrian Skogmar, Salifou Soumah, Stefano Vecchia<\/p>\n<p>\u00a0<\/p>\n","protected":false},"excerpt":{"rendered":"Under f\u00f6rra veckan \u00e5tersamlades herrlaget efter n\u00e5gra veckors ledighet och p\u00e5 en sn\u00f6ig tr\u00e4ningsplan h\u00f6ll v\u00e5r nya huvudtr\u00e4nare&hellip;\n","protected":false},"author":2,"featured_media":133229,"comment_status":"","ping_status":"","sticky":false,"template":"","format":"standard","meta":{"footnotes":""},"categories":[5],"tags":[22,23,26,27,17,21,24,25,28,29,15,16,18,34,31,33,32,30,19,20],"class_list":{"0":"post-133228","1":"post","2":"type-post","3":"status-publish","4":"format-standard","5":"has-post-thumbnail","7":"category-rubriker","8":"tag-breaking-news","9":"tag-breakingnews","10":"tag-featured-news","11":"tag-featurednews","12":"tag-headlines","13":"tag-huvudnyheter","14":"tag-latest-news","15":"tag-latestnews","16":"tag-main-news","17":"tag-mainnews","18":"tag-news","19":"tag-nyheter","20":"tag-rubriker","21":"tag-se","22":"tag-svenska","23":"tag-sverige","24":"tag-sweden","25":"tag-swedish","26":"tag-top-stories","27":"tag-topstories"},"share_on_mastodon":{"url":"https:\/\/pubeurope.com\/@se\/115882084414857674","error":""},"_links":{"self":[{"href":"https:\/\/www.europesays.com\/se\/wp-json\/wp\/v2\/posts\/133228","targetHints":{"allow":["GET"]}}],"collection":[{"href":"https:\/\/www.europesays.com\/se\/wp-json\/wp\/v2\/posts"}],"about":[{"href":"https:\/\/www.europesays.com\/se\/wp-json\/wp\/v2\/types\/post"}],"author":[{"embeddable":true,"href":"https:\/\/www.europesays.com\/se\/wp-json\/wp\/v2\/users\/2"}],"replies":[{"embeddable":true,"href":"https:\/\/www.europesays.com\/se\/wp-json\/wp\/v2\/comments?post=133228"}],"version-history":[{"count":0,"href":"https:\/\/www.europesays.com\/se\/wp-json\/wp\/v2\/posts\/133228\/revisions"}],"wp:featuredmedia":[{"embeddable":true,"href":"https:\/\/www.europesays.com\/se\/wp-json\/wp\/v2\/media\/133229"}],"wp:attachment":[{"href":"https:\/\/www.europesays.com\/se\/wp-json\/wp\/v2\/media?parent=133228"}],"wp:term":[{"taxonomy":"category","embeddable":true,"href":"https:\/\/www.europesays.com\/se\/wp-json\/wp\/v2\/categories?post=133228"},{"taxonomy":"post_tag","embeddable":true,"href":"https:\/\/www.europesays.com\/se\/wp-json\/wp\/v2\/tags?post=133228"}],"curies":[{"name":"wp","href":"https:\/\/api.w.org\/{rel}","templated":true}]}}