{"id":133234,"date":"2026-01-12T12:23:27","date_gmt":"2026-01-12T12:23:27","guid":{"rendered":"https:\/\/www.europesays.com\/se\/133234\/"},"modified":"2026-01-12T12:23:27","modified_gmt":"2026-01-12T12:23:27","slug":"prinsnas-gard-med-anor-fran-1600-talet-helt-nedbrunnen","status":"publish","type":"post","link":"https:\/\/www.europesays.com\/se\/133234\/","title":{"rendered":"Prinsn\u00e4s g\u00e5rd med anor fr\u00e5n 1600-talet helt nedbrunnen"},"content":{"rendered":"<p>Det f\u00f6rsta larmet om branden p\u00e5 Prinsn\u00e4s g\u00e5rd kom vid tjugo i nio p\u00e5 s\u00f6ndagskv\u00e4llen. Branden b\u00f6rjade som en soteld d\u00e4r det b\u00f6rjade brinna i skorstenen och brann i bj\u00e4lklaget mellan f\u00f6rsta och andra v\u00e5ningen. <\/p>\n<p>R\u00e4ddningstj\u00e4nsten bed\u00f6mde att branden var under kontroll och f\u00f6rberedde f\u00f6r efterbevakning \u2013 d\u00e5 branden tog fart igen under tidig morgon. <\/p>\n<p>\u2013 Branden har tagit sig i hela huset och vi arbetar med att f\u00e5 ner den, s\u00e4ger r\u00e4ddningstj\u00e4nstens ledningsoperat\u00f6r till SVT under m\u00e5ndagsmorgonen.<\/p>\n<p>Bara en ruin kvar<\/p>\n<p>Under morgonen \u00e5terstod bara en ruin av den gamla herrg\u00e5rden. Sl\u00e4ckningsarbetet har varit komplicerat, enligt r\u00e4ddningstj\u00e4nst.<\/p>\n<p>\u2013 Det \u00e4r sv\u00e5rt n\u00e4r brandgaserna f\u00f6rflyttar sig i schakten, s\u00e4ger r\u00e4ddningsledare Andreas Karlsson till SVT p\u00e5 plats.<\/p>\n<p>Hur mycket personal har ni haft p\u00e5 plats?<\/p>\n<p>\u2013 Det har s\u00e4kert varit 100 personer.<\/p>\n<p>Grannarna chockade<\/p>\n<p>G\u00e5rden har anor fr\u00e5n 1600-talet och n\u00e4mns i kulturhistoriska sammanhang. P\u00e5 v\u00e4ggarna fanns muralm\u00e5lningar fr\u00e5n 1700-talet. En hel del saker kunde dock r\u00e4ddas fr\u00e5n det brinnande huset, bland annat gamla m\u00f6bler och kristallkronor.<\/p>\n<p>Grannar som SVT har pratat med \u00e4r chockade \u00f6ver att den gamla byggnaden har brunnit ner till grunden. <\/p>\n<p>Ingen person har kommit till skada i samband med branden.<\/p>\n","protected":false},"excerpt":{"rendered":"Det f\u00f6rsta larmet om branden p\u00e5 Prinsn\u00e4s g\u00e5rd kom vid tjugo i nio p\u00e5 s\u00f6ndagskv\u00e4llen. Branden b\u00f6rjade som&hellip;\n","protected":false},"author":2,"featured_media":133235,"comment_status":"","ping_status":"","sticky":false,"template":"","format":"standard","meta":{"footnotes":""},"categories":[12],"tags":[22,23,26,27,17,21,24,25,28,29,15,16,18,34,31,33,32,30,19,20],"class_list":{"0":"post-133234","1":"post","2":"type-post","3":"status-publish","4":"format-standard","5":"has-post-thumbnail","7":"category-sverige","8":"tag-breaking-news","9":"tag-breakingnews","10":"tag-featured-news","11":"tag-featurednews","12":"tag-headlines","13":"tag-huvudnyheter","14":"tag-latest-news","15":"tag-latestnews","16":"tag-main-news","17":"tag-mainnews","18":"tag-news","19":"tag-nyheter","20":"tag-rubriker","21":"tag-se","22":"tag-svenska","23":"tag-sverige","24":"tag-sweden","25":"tag-swedish","26":"tag-top-stories","27":"tag-topstories"},"share_on_mastodon":{"url":"https:\/\/pubeurope.com\/@se\/115882112012698510","error":""},"_links":{"self":[{"href":"https:\/\/www.europesays.com\/se\/wp-json\/wp\/v2\/posts\/133234","targetHints":{"allow":["GET"]}}],"collection":[{"href":"https:\/\/www.europesays.com\/se\/wp-json\/wp\/v2\/posts"}],"about":[{"href":"https:\/\/www.europesays.com\/se\/wp-json\/wp\/v2\/types\/post"}],"author":[{"embeddable":true,"href":"https:\/\/www.europesays.com\/se\/wp-json\/wp\/v2\/users\/2"}],"replies":[{"embeddable":true,"href":"https:\/\/www.europesays.com\/se\/wp-json\/wp\/v2\/comments?post=133234"}],"version-history":[{"count":0,"href":"https:\/\/www.europesays.com\/se\/wp-json\/wp\/v2\/posts\/133234\/revisions"}],"wp:featuredmedia":[{"embeddable":true,"href":"https:\/\/www.europesays.com\/se\/wp-json\/wp\/v2\/media\/133235"}],"wp:attachment":[{"href":"https:\/\/www.europesays.com\/se\/wp-json\/wp\/v2\/media?parent=133234"}],"wp:term":[{"taxonomy":"category","embeddable":true,"href":"https:\/\/www.europesays.com\/se\/wp-json\/wp\/v2\/categories?post=133234"},{"taxonomy":"post_tag","embeddable":true,"href":"https:\/\/www.europesays.com\/se\/wp-json\/wp\/v2\/tags?post=133234"}],"curies":[{"name":"wp","href":"https:\/\/api.w.org\/{rel}","templated":true}]}}