{"id":133236,"date":"2026-01-12T12:24:07","date_gmt":"2026-01-12T12:24:07","guid":{"rendered":"https:\/\/www.europesays.com\/se\/133236\/"},"modified":"2026-01-12T12:24:07","modified_gmt":"2026-01-12T12:24:07","slug":"mycket-sno-runt-om-pa-gotland","status":"publish","type":"post","link":"https:\/\/www.europesays.com\/se\/133236\/","title":{"rendered":"Mycket sn\u00f6 runt om p\u00e5 Gotland"},"content":{"rendered":"<p>Hemtj\u00e4nst<\/p>\n<p class=\"font-normal\">Hemtj\u00e4nsten \u00e4r fortsatt p\u00e5verkad och kan beh\u00f6va st\u00e4lla in bes\u00f6k som kan v\u00e4nta. Det \u00e4r fortfarande sv\u00e5rt f\u00f6r hemtj\u00e4nstgrupper och hemsjukv\u00e5rden att ta sig fram p\u00e5 vissa st\u00e4llen. Vi efterstr\u00e4var att ha telefonkontakt med dig som brukare om vi inte har m\u00f6jlighet att genomf\u00f6ra ditt planerade bes\u00f6k. H\u00e5ll g\u00e4rna lite extra kontakt med era grannar, n\u00e4ra och k\u00e4ra.<\/p>\n<p>Avfallshantering och slamt\u00f6mning<\/p>\n<p class=\"font-normal\">P\u00e5 grund av r\u00e5dande v\u00e4derl\u00e4ge kan soph\u00e4mtning utebli p\u00e5 st\u00e4llen d\u00e4r sopbilen inte kommer fram. \u00c4ven slamt\u00f6mningar p\u00e5verkas och kan bli f\u00f6rsenade de n\u00e4rmaste dagarna. Vi arbetar f\u00f6r att genomf\u00f6ra h\u00e4mtningar och t\u00f6mningar s\u00e5 snart det \u00e4r s\u00e4kert och m\u00f6jligt. <\/p>\n<p>Som fastighets\u00e4gare kan du t\u00e4nka p\u00e5 att:<\/p>\n<ul class=\" env-text-list font-normal\">\n<li>St\u00e4lla k\u00e4rlen p\u00e5 ordinarie plats och l\u00e5ta dem st\u00e5 kvar tills de \u00e4r t\u00f6mda<\/li>\n<li>Se till att v\u00e4gen fram till k\u00e4rl\/brunn \u00e4r skottad och halkbek\u00e4mpad<\/li>\n<li>Se till att det \u00e4r sn\u00f6r\u00f6jt runt brunn\/k\u00e4rl<\/li>\n<\/ul>\n","protected":false},"excerpt":{"rendered":"Hemtj\u00e4nst Hemtj\u00e4nsten \u00e4r fortsatt p\u00e5verkad och kan beh\u00f6va st\u00e4lla in bes\u00f6k som kan v\u00e4nta. Det \u00e4r fortfarande sv\u00e5rt&hellip;\n","protected":false},"author":2,"featured_media":133237,"comment_status":"","ping_status":"","sticky":false,"template":"","format":"standard","meta":{"footnotes":""},"categories":[5],"tags":[22,23,26,27,17,21,24,25,28,29,15,16,18,34,31,33,32,30,19,20],"class_list":{"0":"post-133236","1":"post","2":"type-post","3":"status-publish","4":"format-standard","5":"has-post-thumbnail","7":"category-rubriker","8":"tag-breaking-news","9":"tag-breakingnews","10":"tag-featured-news","11":"tag-featurednews","12":"tag-headlines","13":"tag-huvudnyheter","14":"tag-latest-news","15":"tag-latestnews","16":"tag-main-news","17":"tag-mainnews","18":"tag-news","19":"tag-nyheter","20":"tag-rubriker","21":"tag-se","22":"tag-svenska","23":"tag-sverige","24":"tag-sweden","25":"tag-swedish","26":"tag-top-stories","27":"tag-topstories"},"share_on_mastodon":{"url":"https:\/\/pubeurope.com\/@se\/115882115884102290","error":""},"_links":{"self":[{"href":"https:\/\/www.europesays.com\/se\/wp-json\/wp\/v2\/posts\/133236","targetHints":{"allow":["GET"]}}],"collection":[{"href":"https:\/\/www.europesays.com\/se\/wp-json\/wp\/v2\/posts"}],"about":[{"href":"https:\/\/www.europesays.com\/se\/wp-json\/wp\/v2\/types\/post"}],"author":[{"embeddable":true,"href":"https:\/\/www.europesays.com\/se\/wp-json\/wp\/v2\/users\/2"}],"replies":[{"embeddable":true,"href":"https:\/\/www.europesays.com\/se\/wp-json\/wp\/v2\/comments?post=133236"}],"version-history":[{"count":0,"href":"https:\/\/www.europesays.com\/se\/wp-json\/wp\/v2\/posts\/133236\/revisions"}],"wp:featuredmedia":[{"embeddable":true,"href":"https:\/\/www.europesays.com\/se\/wp-json\/wp\/v2\/media\/133237"}],"wp:attachment":[{"href":"https:\/\/www.europesays.com\/se\/wp-json\/wp\/v2\/media?parent=133236"}],"wp:term":[{"taxonomy":"category","embeddable":true,"href":"https:\/\/www.europesays.com\/se\/wp-json\/wp\/v2\/categories?post=133236"},{"taxonomy":"post_tag","embeddable":true,"href":"https:\/\/www.europesays.com\/se\/wp-json\/wp\/v2\/tags?post=133236"}],"curies":[{"name":"wp","href":"https:\/\/api.w.org\/{rel}","templated":true}]}}