{"id":133238,"date":"2026-01-12T12:26:22","date_gmt":"2026-01-12T12:26:22","guid":{"rendered":"https:\/\/www.europesays.com\/se\/133238\/"},"modified":"2026-01-12T12:26:22","modified_gmt":"2026-01-12T12:26:22","slug":"han-kan-ersatta-priske-i-djurgarden","status":"publish","type":"post","link":"https:\/\/www.europesays.com\/se\/133238\/","title":{"rendered":"Han kan ers\u00e4tta Priske i Djurg\u00e5rden"},"content":{"rendered":"<p>expand-left<\/p>\n<p>helsk\u00e4rm<img decoding=\"async\" class=\"image-asset hyperion-css-u06ts1\" data-test-tag=\"image-asset\" src=\"https:\/\/www.europesays.com\/se\/wp-content\/uploads\/2026\/01\/fc944c86-cbce-480b-84cc-7759ef73db81.jpeg\"  alt=\"\"  loading=\"eager\" fetchpriority=\"high\" style=\"aspect-ratio:1000 \/ 524\"\/><\/p>\n<p class=\"hyperion-css-1v9qo5x\"><strong>De allsvenska klubbarna \u00e4r just nu i full g\u00e5ng med att k\u00f6pa och s\u00e4lja spelare.<\/strong><\/p>\n<p class=\"hyperion-css-1v9qo5x\"><strong>Sportbladets sillyexpert Daniel \u201dDisco\u201d Kristoffersson har som vanligt senaste nytt bakom kulisserna.<\/strong><\/p>\n<p class=\"hyperion-css-1v9qo5x\">check Han kan ers\u00e4tta Priske i Djurg\u00e5rden \u2013 \u00e4ven IFK G\u00f6teborg visar intresse<\/p>\n<p class=\"hyperion-css-1v9qo5x\">check Senaste nytt om j\u00e4ttetalangens f\u00f6rhandlingar med Bl\u00e5vitt<\/p>\n<p class=\"hyperion-css-1v9qo5x\">check Hammarbys fyndpris p\u00e5 \u201dnye Kant\u00e9\u201d \u2013 h\u00e4r \u00e4r summan<\/p>\n<p class=\"hyperion-css-1v9qo5x\">check Ny klubb in i jakten p\u00e5 Gais-stj\u00e4rnan<\/p>\n<p class=\"hyperion-css-1v9qo5x\">check Han k\u00f6ps loss av H\u00e4cken \u2013 alla parter \u00f6verens<\/p>\n","protected":false},"excerpt":{"rendered":"expand-left helsk\u00e4rm De allsvenska klubbarna \u00e4r just nu i full g\u00e5ng med att k\u00f6pa och s\u00e4lja spelare. Sportbladets&hellip;\n","protected":false},"author":2,"featured_media":133239,"comment_status":"","ping_status":"","sticky":false,"template":"","format":"standard","meta":{"footnotes":""},"categories":[68],"tags":[34,111,110,31,33,32,30],"class_list":{"0":"post-133238","1":"post","2":"type-post","3":"status-publish","4":"format-standard","5":"has-post-thumbnail","7":"category-sport","8":"tag-se","9":"tag-sport","10":"tag-sports","11":"tag-svenska","12":"tag-sverige","13":"tag-sweden","14":"tag-swedish"},"share_on_mastodon":{"url":"https:\/\/pubeurope.com\/@se\/115882123789308760","error":""},"_links":{"self":[{"href":"https:\/\/www.europesays.com\/se\/wp-json\/wp\/v2\/posts\/133238","targetHints":{"allow":["GET"]}}],"collection":[{"href":"https:\/\/www.europesays.com\/se\/wp-json\/wp\/v2\/posts"}],"about":[{"href":"https:\/\/www.europesays.com\/se\/wp-json\/wp\/v2\/types\/post"}],"author":[{"embeddable":true,"href":"https:\/\/www.europesays.com\/se\/wp-json\/wp\/v2\/users\/2"}],"replies":[{"embeddable":true,"href":"https:\/\/www.europesays.com\/se\/wp-json\/wp\/v2\/comments?post=133238"}],"version-history":[{"count":0,"href":"https:\/\/www.europesays.com\/se\/wp-json\/wp\/v2\/posts\/133238\/revisions"}],"wp:featuredmedia":[{"embeddable":true,"href":"https:\/\/www.europesays.com\/se\/wp-json\/wp\/v2\/media\/133239"}],"wp:attachment":[{"href":"https:\/\/www.europesays.com\/se\/wp-json\/wp\/v2\/media?parent=133238"}],"wp:term":[{"taxonomy":"category","embeddable":true,"href":"https:\/\/www.europesays.com\/se\/wp-json\/wp\/v2\/categories?post=133238"},{"taxonomy":"post_tag","embeddable":true,"href":"https:\/\/www.europesays.com\/se\/wp-json\/wp\/v2\/tags?post=133238"}],"curies":[{"name":"wp","href":"https:\/\/api.w.org\/{rel}","templated":true}]}}