{"id":133242,"date":"2026-01-12T12:31:08","date_gmt":"2026-01-12T12:31:08","guid":{"rendered":"https:\/\/www.europesays.com\/se\/133242\/"},"modified":"2026-01-12T12:31:08","modified_gmt":"2026-01-12T12:31:08","slug":"stora-storningar-i-busstrafiken-svt-nyheter","status":"publish","type":"post","link":"https:\/\/www.europesays.com\/se\/133242\/","title":{"rendered":"Stora st\u00f6rningar i busstrafiken &#8211; SVT Nyheter"},"content":{"rendered":"<ol>\n<li><a href=\"https:\/\/news.google.com\/rss\/articles\/CBMiekFVX3lxTE9ZR2NCaFZ3MzBVOFZiZ2xienFnSDV2dFZwR3Z2MUhRcUxFZDk0cElZSThlQ1pxdWYyQUdpdThydnVhNUVjbnh2dWd1dGxweFhkM1Z6a3JLbXZGb0dqRHE3cENQWndOc0pIanFnaDdFX2MxWnF0akZCSV93?oc=5\" target=\"_blank\" rel=\"nofollow noopener\">Stora st\u00f6rningar i busstrafiken<\/a>&nbsp;&nbsp;SVT Nyheter<\/li>\n<li><a href=\"https:\/\/news.google.com\/rss\/articles\/CBMiigFBVV95cUxPSktld3NhazZfdGFTTjB2bFVoZnU3eVY5bkp2UkFLc3FBYWlKTXJvV0V4SUlvVC03cW5OeUR3cmRiOUc4NVE5YlJRXzlhN0lwam9IZ3JhRl9hNFJWdzZKNFVVcEIyeDNxcWY0Zm5kWVY1R0hUMU84STZwcm8wVnVkaDhGbVpMSGNtNWc?oc=5\" target=\"_blank\" rel=\"nofollow noopener\">Elproblem i G\u00f6teborg \u2013 30 bussar indragna<\/a>&nbsp;&nbsp;Aftonbladet<\/li>\n<li><a href=\"https:\/\/news.google.com\/rss\/articles\/CBMiZ0FVX3lxTE9BRjNaTU9JcFV5WjlaZmt1VXoyUndxNGhmTDhTU3ppOGRMXzlRQW52VXNqc1RaSjRoSzNTdTNWZHFGR0dvVXNxeWxmOFd2S1NyQVN0djZWTm5BdmhMcWJmUmtDVG5YRkU?oc=5\" target=\"_blank\" rel=\"nofollow noopener\">Varning f\u00f6r mer sn\u00f6<\/a>&nbsp;&nbsp;8 Sidor<\/li>\n<li><a href=\"https:\/\/news.google.com\/rss\/articles\/CBMikAFBVV95cUxOTTFBcmNZTl9IdXVRc2xsckM5eGExUkMzZjhhb3hUUDVLX2ZJN05yNC1IQzBzMllfRXlBemVfb0I5X2lXT2lwanNvSGxMbXJnRlpFUEVyU3BUMFNIdVNLRnB6NlFyS01vQnJhblM4SnBpeEFKTjhPOXhHbloxcHp2M3R5d1Jhbm5uYjJ2c25LV0M?oc=5\" target=\"_blank\" rel=\"nofollow noopener\">R\u00e4ddningstj\u00e4nsten i G\u00f6teborg varnar f\u00f6r istappar och sn\u00f6 p\u00e5 tak \u2013 V\u00e4der- och trafikl\u00e4get i landet<\/a>&nbsp;&nbsp;SVT Nyheter<\/li>\n<li><a href=\"https:\/\/news.google.com\/rss\/articles\/CBMiygFBVV95cUxNbHVzZXhSUGsxa3VtQnpyQ0VqUWNzdkVDWmxSamt1R0trZ3R6Tzh1ZkVQMmtGaXY5Zm02emFsTnItMGluUlkxbExmekhZZmhzblQ1d3RMbkxxR0NMeXEyS1NubDJBazFqOTBBQm5LckpEOVQzRjNxVkJJSlEzVU5yckFFS3V5ZGFLMVMwY3lUQUhsQW1hTDRBeENVb0pQUmRhWjg4dVhsaVJ2QWd5eWcwTFVqbVhvdmdpLVNEMGFER0FwYm5aYXcwbC1R?oc=5\" target=\"_blank\" rel=\"nofollow noopener\">V\u00e4sttrafiks nota efter sn\u00f6kaos: 28 000 s\u00f6ker ers\u00e4ttning \u2013 kan kosta 5 miljoner<\/a>&nbsp;&nbsp;GP<\/li>\n<\/ol>\n","protected":false},"excerpt":{"rendered":"Stora st\u00f6rningar i busstrafiken&nbsp;&nbsp;SVT Nyheter Elproblem i G\u00f6teborg \u2013 30 bussar indragna&nbsp;&nbsp;Aftonbladet Varning f\u00f6r mer sn\u00f6&nbsp;&nbsp;8 Sidor R\u00e4ddningstj\u00e4nsten&hellip;\n","protected":false},"author":2,"featured_media":63854,"comment_status":"","ping_status":"","sticky":false,"template":"","format":"standard","meta":{"footnotes":""},"categories":[12],"tags":[22,23,26,27,17,21,24,25,28,29,15,16,18,34,31,33,32,30,19,20],"class_list":{"0":"post-133242","1":"post","2":"type-post","3":"status-publish","4":"format-standard","5":"has-post-thumbnail","7":"category-sverige","8":"tag-breaking-news","9":"tag-breakingnews","10":"tag-featured-news","11":"tag-featurednews","12":"tag-headlines","13":"tag-huvudnyheter","14":"tag-latest-news","15":"tag-latestnews","16":"tag-main-news","17":"tag-mainnews","18":"tag-news","19":"tag-nyheter","20":"tag-rubriker","21":"tag-se","22":"tag-svenska","23":"tag-sverige","24":"tag-sweden","25":"tag-swedish","26":"tag-top-stories","27":"tag-topstories"},"share_on_mastodon":{"url":"https:\/\/pubeurope.com\/@se\/115882143495951846","error":""},"_links":{"self":[{"href":"https:\/\/www.europesays.com\/se\/wp-json\/wp\/v2\/posts\/133242","targetHints":{"allow":["GET"]}}],"collection":[{"href":"https:\/\/www.europesays.com\/se\/wp-json\/wp\/v2\/posts"}],"about":[{"href":"https:\/\/www.europesays.com\/se\/wp-json\/wp\/v2\/types\/post"}],"author":[{"embeddable":true,"href":"https:\/\/www.europesays.com\/se\/wp-json\/wp\/v2\/users\/2"}],"replies":[{"embeddable":true,"href":"https:\/\/www.europesays.com\/se\/wp-json\/wp\/v2\/comments?post=133242"}],"version-history":[{"count":0,"href":"https:\/\/www.europesays.com\/se\/wp-json\/wp\/v2\/posts\/133242\/revisions"}],"wp:featuredmedia":[{"embeddable":true,"href":"https:\/\/www.europesays.com\/se\/wp-json\/wp\/v2\/media\/63854"}],"wp:attachment":[{"href":"https:\/\/www.europesays.com\/se\/wp-json\/wp\/v2\/media?parent=133242"}],"wp:term":[{"taxonomy":"category","embeddable":true,"href":"https:\/\/www.europesays.com\/se\/wp-json\/wp\/v2\/categories?post=133242"},{"taxonomy":"post_tag","embeddable":true,"href":"https:\/\/www.europesays.com\/se\/wp-json\/wp\/v2\/tags?post=133242"}],"curies":[{"name":"wp","href":"https:\/\/api.w.org\/{rel}","templated":true}]}}