{"id":133246,"date":"2026-01-12T12:39:06","date_gmt":"2026-01-12T12:39:06","guid":{"rendered":"https:\/\/www.europesays.com\/se\/133246\/"},"modified":"2026-01-12T12:39:06","modified_gmt":"2026-01-12T12:39:06","slug":"talangattraktion-i-fokus-nar-johan-forssell-besoker-boston","status":"publish","type":"post","link":"https:\/\/www.europesays.com\/se\/133246\/","title":{"rendered":"Talangattraktion i fokus n\u00e4r Johan Forssell bes\u00f6ker Boston"},"content":{"rendered":"<p>&#13;<br \/>\nDen 11\u201313 januari bes\u00f6ker migrationsminister Johan Forssell Boston i USA tillsammans med f\u00f6retr\u00e4dare fr\u00e5n sex svenska universitet och h\u00f6gskolor. Fokus f\u00f6r bes\u00f6ket \u00e4r samarbete, kunskapsutbyte och diskussion kring fr\u00e5gor som r\u00f6r talangattraktion, h\u00f6gkvalificerad arbetskraftsinvandring och villkor f\u00f6r forskare. <\/p>\n<p>\u2013 Regeringen arbetar aktivt f\u00f6r att positionera Sverige som ett sj\u00e4lvklart val f\u00f6r internationell expertis. Det \u00e4r viktigt f\u00f6r svensk konkurrenskraft och tillv\u00e4xt. Bes\u00f6ket som genomf\u00f6rs tillsammans med svenska l\u00e4ros\u00e4ten inneb\u00e4r en unik m\u00f6jlighet att ut\u00f6ka samarbetet mellan akt\u00f6rer i Sverige och Boston samt st\u00e4rka Sveriges roll som en ledande forskarnation, s\u00e4ger migrationsminister Johan Forssell.<\/p>\n<p>Migrationsministern leder en delegation best\u00e5ende av representanter fr\u00e5n sex av Sveriges universitet och h\u00f6gskolor under ett bes\u00f6k i Boston, USA. N\u00e4ringslivet representeras av f\u00f6retaget SmartCella.<\/p>\n<p>Under bes\u00f6ket kommer den svenska delegationen bland annat bes\u00f6ka MIT (Massachusetts Institute of Technology), Harvard University samt tr\u00e4ffade representanter fr\u00e5n delstaten Massachusetts, Kennedy Square Association, Innovation Centre Denmark in Boston och Langer Lab. Delegationen kommer \u00e4ven att tr\u00e4ffa representanter f\u00f6r Swedish American Chamber of Commerce New England f\u00f6r samtal med svenska f\u00f6retag och deras forskningsverksamhet.<\/p>\n","protected":false},"excerpt":{"rendered":"&#13; Den 11\u201313 januari bes\u00f6ker migrationsminister Johan Forssell Boston i USA tillsammans med f\u00f6retr\u00e4dare fr\u00e5n sex svenska universitet&hellip;\n","protected":false},"author":2,"featured_media":67452,"comment_status":"","ping_status":"","sticky":false,"template":"","format":"standard","meta":{"footnotes":""},"categories":[12],"tags":[22,23,26,27,17,21,24,25,28,29,15,16,18,34,31,33,32,30,19,20],"class_list":{"0":"post-133246","1":"post","2":"type-post","3":"status-publish","4":"format-standard","5":"has-post-thumbnail","7":"category-sverige","8":"tag-breaking-news","9":"tag-breakingnews","10":"tag-featured-news","11":"tag-featurednews","12":"tag-headlines","13":"tag-huvudnyheter","14":"tag-latest-news","15":"tag-latestnews","16":"tag-main-news","17":"tag-mainnews","18":"tag-news","19":"tag-nyheter","20":"tag-rubriker","21":"tag-se","22":"tag-svenska","23":"tag-sverige","24":"tag-sweden","25":"tag-swedish","26":"tag-top-stories","27":"tag-topstories"},"share_on_mastodon":{"url":"https:\/\/pubeurope.com\/@se\/115882175182342560","error":""},"_links":{"self":[{"href":"https:\/\/www.europesays.com\/se\/wp-json\/wp\/v2\/posts\/133246","targetHints":{"allow":["GET"]}}],"collection":[{"href":"https:\/\/www.europesays.com\/se\/wp-json\/wp\/v2\/posts"}],"about":[{"href":"https:\/\/www.europesays.com\/se\/wp-json\/wp\/v2\/types\/post"}],"author":[{"embeddable":true,"href":"https:\/\/www.europesays.com\/se\/wp-json\/wp\/v2\/users\/2"}],"replies":[{"embeddable":true,"href":"https:\/\/www.europesays.com\/se\/wp-json\/wp\/v2\/comments?post=133246"}],"version-history":[{"count":0,"href":"https:\/\/www.europesays.com\/se\/wp-json\/wp\/v2\/posts\/133246\/revisions"}],"wp:featuredmedia":[{"embeddable":true,"href":"https:\/\/www.europesays.com\/se\/wp-json\/wp\/v2\/media\/67452"}],"wp:attachment":[{"href":"https:\/\/www.europesays.com\/se\/wp-json\/wp\/v2\/media?parent=133246"}],"wp:term":[{"taxonomy":"category","embeddable":true,"href":"https:\/\/www.europesays.com\/se\/wp-json\/wp\/v2\/categories?post=133246"},{"taxonomy":"post_tag","embeddable":true,"href":"https:\/\/www.europesays.com\/se\/wp-json\/wp\/v2\/tags?post=133246"}],"curies":[{"name":"wp","href":"https:\/\/api.w.org\/{rel}","templated":true}]}}