{"id":133251,"date":"2026-01-12T12:45:07","date_gmt":"2026-01-12T12:45:07","guid":{"rendered":"https:\/\/www.europesays.com\/se\/133251\/"},"modified":"2026-01-12T12:45:07","modified_gmt":"2026-01-12T12:45:07","slug":"har-inte-levt-upp-till-forvantan","status":"publish","type":"post","link":"https:\/\/www.europesays.com\/se\/133251\/","title":{"rendered":"\u201dHar inte levt upp till f\u00f6rv\u00e4ntan\u201d"},"content":{"rendered":"<p>Heinekens vd Dolf van den Brink avg\u00e5r efter n\u00e4stan sex \u00e5r p\u00e5 posten, skriver FT. <\/p>\n<p>Vd:n v\u00e4ntas l\u00e4mna bolaget i slutet av maj, efter att ha kommit fram till att \u201ddetta \u00e4r r\u00e4tt tidpunkt att l\u00e4mna \u00f6ver sitt ansvar\u201d.<\/p>\n<p>Beskedet kommer samtidigt som \u00f6lproducenter v\u00e4rlden \u00f6ver tampas med en svag efterfr\u00e5gan, d\u00e4r ett mer \u00e5terh\u00e5llsamt drickande i v\u00e4st och valutasv\u00e4ngningar i Afrika har legat bolaget i fatet. RBC Capital-analytikern James Edwardes \u00e4r inte f\u00f6rv\u00e5nad \u00f6ver avhoppet, givet avkastningen till aktie\u00e4garna sedan han tilltr\u00e4dde. <\/p>\n<p>\u2013 Han tilltr\u00e4dde med h\u00f6ga f\u00f6rv\u00e4ntningar, men Heineken har inte levt upp till dem, s\u00e4ger han. <\/p>\n<p>Omni \u00e4r politiskt obundna och oberoende. Vi str\u00e4var efter att ge fler perspektiv p\u00e5 nyheterna. Har du fr\u00e5gor eller synpunkter kring v\u00e5r rapportering? <a href=\"https:\/\/omni.se\/heinekens-vd-avgar-har-inte-levt-upp-till-forvantan\/a\/mailto:redaktion@omni.se\" class=\"ArticleActions_contactLink__W2F1M\" rel=\"nofollow noopener\" target=\"_blank\">Kontakta redaktionen<\/a><\/p>\n","protected":false},"excerpt":{"rendered":"Heinekens vd Dolf van den Brink avg\u00e5r efter n\u00e4stan sex \u00e5r p\u00e5 posten, skriver FT. Vd:n v\u00e4ntas l\u00e4mna&hellip;\n","protected":false},"author":2,"featured_media":133252,"comment_status":"","ping_status":"","sticky":false,"template":"","format":"standard","meta":{"footnotes":""},"categories":[65],"tags":[72,70,71,13549,409,34,31,33,32,30],"class_list":{"0":"post-133251","1":"post","2":"type-post","3":"status-publish","4":"format-standard","5":"has-post-thumbnail","7":"category-ekonomi","8":"tag-business","9":"tag-economy","10":"tag-ekonomi","11":"tag-heineken","12":"tag-mat-dryck","13":"tag-se","14":"tag-svenska","15":"tag-sverige","16":"tag-sweden","17":"tag-swedish"},"share_on_mastodon":{"url":"https:\/\/pubeurope.com\/@se\/115882198499506817","error":""},"_links":{"self":[{"href":"https:\/\/www.europesays.com\/se\/wp-json\/wp\/v2\/posts\/133251","targetHints":{"allow":["GET"]}}],"collection":[{"href":"https:\/\/www.europesays.com\/se\/wp-json\/wp\/v2\/posts"}],"about":[{"href":"https:\/\/www.europesays.com\/se\/wp-json\/wp\/v2\/types\/post"}],"author":[{"embeddable":true,"href":"https:\/\/www.europesays.com\/se\/wp-json\/wp\/v2\/users\/2"}],"replies":[{"embeddable":true,"href":"https:\/\/www.europesays.com\/se\/wp-json\/wp\/v2\/comments?post=133251"}],"version-history":[{"count":0,"href":"https:\/\/www.europesays.com\/se\/wp-json\/wp\/v2\/posts\/133251\/revisions"}],"wp:featuredmedia":[{"embeddable":true,"href":"https:\/\/www.europesays.com\/se\/wp-json\/wp\/v2\/media\/133252"}],"wp:attachment":[{"href":"https:\/\/www.europesays.com\/se\/wp-json\/wp\/v2\/media?parent=133251"}],"wp:term":[{"taxonomy":"category","embeddable":true,"href":"https:\/\/www.europesays.com\/se\/wp-json\/wp\/v2\/categories?post=133251"},{"taxonomy":"post_tag","embeddable":true,"href":"https:\/\/www.europesays.com\/se\/wp-json\/wp\/v2\/tags?post=133251"}],"curies":[{"name":"wp","href":"https:\/\/api.w.org\/{rel}","templated":true}]}}