{"id":133269,"date":"2026-01-12T13:06:08","date_gmt":"2026-01-12T13:06:08","guid":{"rendered":"https:\/\/www.europesays.com\/se\/133269\/"},"modified":"2026-01-12T13:06:08","modified_gmt":"2026-01-12T13:06:08","slug":"tre-kronor-dams-os-trupp-ar-presenterad-sveriges-olympiska-kommitte","status":"publish","type":"post","link":"https:\/\/www.europesays.com\/se\/133269\/","title":{"rendered":"Tre Kronor dams OS-trupp \u00e4r presenterad &#8211; Sveriges Olympiska Kommitt\u00e9"},"content":{"rendered":"<ol>\n<li><a href=\"https:\/\/news.google.com\/rss\/articles\/CBMikAFBVV95cUxOb0JxYk5TWGZRcEZrdzd0MlJEUkFmckJyMTdoa09feUZzdWY0dGs4eWlCU0FtTTZ2dUt4WEtic3RzcmJHX0ktN2E1eFpiVkFRVUFvNklWUVZJb29MRkhiVUJmakZySmlOQkVNYkVxUGtDOU1kZ0hiY0RDNnVZTXltTF9GSC13Y18teDB0WEJmV0c?oc=5\" target=\"_blank\" rel=\"nofollow noopener\">Tre Kronor dams OS-trupp \u00e4r presenterad<\/a>&nbsp;&nbsp;Sveriges Olympiska Kommitt\u00e9<\/li>\n<li><a href=\"https:\/\/news.google.com\/rss\/articles\/CBMinAFBVV95cUxQWEVBY28zSEVJOThnX2Y3N3UxajhBQmZlVXo0dU9POEJfS2JjUFRaX0gyWHFMMGlVT1dRS3RxUEtLU2FiMmt6cFNsbi10QjNtaXhtdUVoTHlVSmJsSEdoMC1VQklHTDNHZ1VJX01CRGNVZEl4Umljdm1mRkxDTEhoSGNQZmJQcmxBczFFMkNOb1htMkhmWXBsa2xBdjI?oc=5\" target=\"_blank\" rel=\"nofollow noopener\">Lina Ljungblom uttagen till OS f\u00f6r Tre Kronor<\/a>&nbsp;&nbsp;Aftonbladet<\/li>\n<li><a href=\"https:\/\/news.google.com\/rss\/articles\/CBMigAFBVV95cUxPUGdsNlhaU1djZHNGMndJOFVjejdkcHA4Q3dCODZ0UEd0UVVGYjZYVGJUdUEwNXZ3NWtJNFA2UERTVEhyMFdzODdXY1dSaFJ4UmZfYWo3UlZ0d2ZQaUR1RG5tVWltX0tMclc0T3VCYlplVTNXSTRrUnhRdzVnN1lGQg?oc=5\" target=\"_blank\" rel=\"nofollow noopener\">Sveriges OS-trupp klar<\/a>&nbsp;&nbsp;Expressen<\/li>\n<li><a href=\"https:\/\/news.google.com\/rss\/articles\/CBMilAFBVV95cUxOQVhxNW5LMGtiRGM5Z0E2LUZvdlJIbzg3cWxtMk1KV3FCZThLNVZlSmhOQ3JqQnhfYkhDS0RoSV9QcnBQUXh0M0JWV3NSZU9XMzVzMnp5ZXlpcnh4X3c4WERobFhBTC10WE84S0lqRkZZX096d1QxSmFjaTh3LTRfNmlSU0NBSWRYQ2tYY21RNm5EX3lJ?oc=5\" target=\"_blank\" rel=\"nofollow noopener\">Ishockey: H\u00e4r \u00e4r Tre Kronor Dams OS-trupp \u2013 PWHL-stj\u00e4rnorna tillbaka<\/a>&nbsp;&nbsp;SVT Nyheter<\/li>\n<li><a href=\"https:\/\/news.google.com\/rss\/articles\/CBMic0FVX3lxTE1DY2pFX2xWWHFTX2Z6MFl4QTYtT0ZNcHJuN1ZRaE9XaC1BYmVodE85VUF5TlNITk16TFZTY2VnTDBXbk9xRWJGZWJJRHBGNDdrYWEybnV3b3hZU3FwVTJMWGR0cE9tVDVOZ3VhaVA2RGJqQ3M?oc=5\" target=\"_blank\" rel=\"nofollow noopener\">H\u00e4r \u00e4r Damkronornas OS-trupp<\/a>&nbsp;&nbsp;Sveriges Radio<\/li>\n<\/ol>\n","protected":false},"excerpt":{"rendered":"Tre Kronor dams OS-trupp \u00e4r presenterad&nbsp;&nbsp;Sveriges Olympiska Kommitt\u00e9 Lina Ljungblom uttagen till OS f\u00f6r Tre Kronor&nbsp;&nbsp;Aftonbladet Sveriges OS-trupp&hellip;\n","protected":false},"author":2,"featured_media":133270,"comment_status":"","ping_status":"","sticky":false,"template":"","format":"standard","meta":{"footnotes":""},"categories":[5],"tags":[22,23,26,27,17,21,24,25,28,29,15,16,18,34,31,33,32,30,19,20],"class_list":{"0":"post-133269","1":"post","2":"type-post","3":"status-publish","4":"format-standard","5":"has-post-thumbnail","7":"category-rubriker","8":"tag-breaking-news","9":"tag-breakingnews","10":"tag-featured-news","11":"tag-featurednews","12":"tag-headlines","13":"tag-huvudnyheter","14":"tag-latest-news","15":"tag-latestnews","16":"tag-main-news","17":"tag-mainnews","18":"tag-news","19":"tag-nyheter","20":"tag-rubriker","21":"tag-se","22":"tag-svenska","23":"tag-sverige","24":"tag-sweden","25":"tag-swedish","26":"tag-top-stories","27":"tag-topstories"},"share_on_mastodon":{"url":"https:\/\/pubeurope.com\/@se\/115882281063581123","error":""},"_links":{"self":[{"href":"https:\/\/www.europesays.com\/se\/wp-json\/wp\/v2\/posts\/133269","targetHints":{"allow":["GET"]}}],"collection":[{"href":"https:\/\/www.europesays.com\/se\/wp-json\/wp\/v2\/posts"}],"about":[{"href":"https:\/\/www.europesays.com\/se\/wp-json\/wp\/v2\/types\/post"}],"author":[{"embeddable":true,"href":"https:\/\/www.europesays.com\/se\/wp-json\/wp\/v2\/users\/2"}],"replies":[{"embeddable":true,"href":"https:\/\/www.europesays.com\/se\/wp-json\/wp\/v2\/comments?post=133269"}],"version-history":[{"count":0,"href":"https:\/\/www.europesays.com\/se\/wp-json\/wp\/v2\/posts\/133269\/revisions"}],"wp:featuredmedia":[{"embeddable":true,"href":"https:\/\/www.europesays.com\/se\/wp-json\/wp\/v2\/media\/133270"}],"wp:attachment":[{"href":"https:\/\/www.europesays.com\/se\/wp-json\/wp\/v2\/media?parent=133269"}],"wp:term":[{"taxonomy":"category","embeddable":true,"href":"https:\/\/www.europesays.com\/se\/wp-json\/wp\/v2\/categories?post=133269"},{"taxonomy":"post_tag","embeddable":true,"href":"https:\/\/www.europesays.com\/se\/wp-json\/wp\/v2\/tags?post=133269"}],"curies":[{"name":"wp","href":"https:\/\/api.w.org\/{rel}","templated":true}]}}