{"id":133279,"date":"2026-01-12T13:14:07","date_gmt":"2026-01-12T13:14:07","guid":{"rendered":"https:\/\/www.europesays.com\/se\/133279\/"},"modified":"2026-01-12T13:14:07","modified_gmt":"2026-01-12T13:14:07","slug":"natos-hogsta-militara-befalhavare-besoker-sverige","status":"publish","type":"post","link":"https:\/\/www.europesays.com\/se\/133279\/","title":{"rendered":"Natos h\u00f6gsta milit\u00e4ra bef\u00e4lhavare bes\u00f6ker Sverige"},"content":{"rendered":"<p>Det var i mars 2024 som Sverige blev medlem i Nato, och i juli 2025 tilltr\u00e4dde den amerikanska flygvapengeneralen Alexus G Grynkewich som Natos h\u00f6gsta milit\u00e4ra bef\u00e4lhavare f\u00f6r de allierade styrkorna i Europa. I helgen satte general Grynkewich f\u00f6r f\u00f6rsta g\u00e5ngen f\u00f6tterna p\u00e5 svensk mark i sin roll som Supreme Allied Commander Europe (SACEUR).<\/p>\n<p>\u2013\u00a0Att Natos h\u00f6gsta milit\u00e4ra bef\u00e4lhavare v\u00e4ljer att bes\u00f6ka Sverige s\u00e5 h\u00e4r tidigt i sin nya roll \u00e4r ett kvitto p\u00e5 hur viktig v\u00e5r roll \u00e4r. Bes\u00f6ket st\u00e4rker v\u00e5r gemensamma l\u00e4gesf\u00f6rst\u00e5else och f\u00f6rdjupar samarbetet med v\u00e5ra allierade, s\u00e4ger \u00f6verbef\u00e4lhavare Michael Claesson.<\/p>\n<p>\u2013\u00a0I en tid av snabbt f\u00f6r\u00e4ndrat s\u00e4kerhetsl\u00e4ge \u00e4r det avg\u00f6rande att tr\u00e4ffas, bygga relationer och f\u00f6ra f\u00f6rdjupade samtal ansikte mot ansikte. Personliga m\u00f6ten skapar \u00f6msesidig f\u00f6rst\u00e5else och st\u00e4rker v\u00e5r f\u00f6rm\u00e5ga att planera och agera tillsammans inom Nato, till\u00e4gger Claesson.<\/p>\n<p>Delegationsbes\u00f6ket handlade till stor del om Sveriges unika f\u00f6rsvarsf\u00f6rm\u00e5ga och styrka som Nato-medlem utifr\u00e5n v\u00e5r geografiska position och nuvarande s\u00e4kerhetsl\u00e4ge. Och det \u00e4r tydligt att SACEUR ser hur Sverige bidrar konkret till alliansens samlade s\u00e4kerhet med v\u00e5r operativa f\u00f6rm\u00e5ga:<\/p>\n<p>\u2013 Allierade och potentiella fiender b\u00f6r notera Sveriges utveckling av f\u00f6rm\u00e5ga och kapacitet f\u00f6r nuvarande och framtida hot, b\u00e5de f\u00f6r sina nationella f\u00f6rsvarsplaner och f\u00f6r Natos f\u00f6rsvarsplaner, s\u00e4ger general Alexus G Grynkewich, bef\u00e4lhavare f\u00f6r Natos styrkor i Europa och till\u00e4gger:<\/p>\n<p>\u2013 Denna utveckling st\u00e4rker Sverige, regionen &#8211; inklusive Arktis \u2013 och v\u00e5r transatlantiska allians.<\/p>\n<p>Samtalen kretsade f\u00f6rst\u00e5s mycket kring s\u00e4kerhetsl\u00e4get i \u00d6stersj\u00f6omr\u00e5det och Arktis, men \u00e4ven utvecklingen i Rysslands krig i Ukraina. H\u00e4r gavs tillf\u00e4lle till f\u00f6rdjupade diskussioner mellan SACEUR och F\u00f6rsvarsmaktens h\u00f6gsta chefer, samt konkreta beskrivningar av operativ f\u00f6rm\u00e5ga genom bes\u00f6k och f\u00f6revisningar hos marinstaben p\u00e5 Musk\u00f6 och amfibieregementet p\u00e5 Berga.<\/p>\n<p>Dessutom belystes vikten av ett starkt totalf\u00f6rsvar f\u00f6r att uppr\u00e4tth\u00e5lla nationell resiliens och milit\u00e4r f\u00f6rm\u00e5ga och kapacitet. H\u00e4r gav Mikael Frisell, generaldirekt\u00f6r f\u00f6r Myndigheten f\u00f6r civilt f\u00f6rsvar, en samlad bild av hur Sveriges totalf\u00f6rsvar \u00e4r uppbyggt.<\/p>\n<p>\u2013\u00a0Hela det svenska samh\u00e4llet \u00e4r inriktat p\u00e5 totalf\u00f6rsvar. Det \u00e4r helt r\u00e4tt tillv\u00e4gag\u00e5ngss\u00e4tt, och h\u00e4r kan andra l\u00e4nder l\u00e4ra sig mycket av Sverige, betonar general Grynkewich.<\/p>\n<p>\u2013\u00a0Ett trov\u00e4rdigt milit\u00e4rt f\u00f6rsvar f\u00f6ruts\u00e4tter ett starkt totalf\u00f6rsvar. Sveriges modell, d\u00e4r hela samh\u00e4llet bidrar till motst\u00e5ndskraft och uth\u00e5llighet, \u00e4r en avg\u00f6rande del av v\u00e5r f\u00f6rsvarsf\u00f6rm\u00e5ga \u2013 nationellt och som Nato-medlem, s\u00e4ger \u00f6verbef\u00e4lhavare Michael Claesson.<\/p>\n<p>General Grynkewich ville ocks\u00e5 framh\u00e5lla Sveriges f\u00f6rsvarsindustri och dess betydelse f\u00f6r landets och alliansens s\u00e4kerhet och motst\u00e5ndskraft.<\/p>\n<p>\u2013\u00a0Det \u00e4r v\u00e4rt att uppm\u00e4rksamma Sveriges h\u00f6gteknologiska f\u00f6rsvarsindustriella bas, som producerar avancerade system inom rymd-, ub\u00e5ts-, missil- och pansarfordonsomr\u00e5det, vilket avsev\u00e4rt st\u00e4rker Europas och Natos kapacitet och styrka, drivet av \u00f6kade f\u00f6rsvarsutgifter\u201d, s\u00e4ger general Grynkewich.<\/p>\n<p>Bes\u00f6ket avslutades med en uppskattad f\u00f6revisning av amfibiestrid p\u00e5 Berga, som ytterligare f\u00f6rst\u00e4rkte bilden av Sveriges unika f\u00f6rsvarsf\u00f6rm\u00e5ga.<\/p>\n<p>\u2013\u00a0Bes\u00f6ket bekr\u00e4ftar att Sverige redan i ett tidigt skede bidrar konkret till Natos samlade f\u00f6rsvar. V\u00e5r geografi, v\u00e5r operativa f\u00f6rm\u00e5ga och v\u00e5r inriktning p\u00e5 totalf\u00f6rsvar g\u00f6r oss till en relevant och p\u00e5litlig allierad i ett f\u00f6rs\u00e4mrat s\u00e4kerhetsl\u00e4ge, s\u00e4ger \u00f6verbef\u00e4lhavare Michael Claesson.<\/p>\n","protected":false},"excerpt":{"rendered":"Det var i mars 2024 som Sverige blev medlem i Nato, och i juli 2025 tilltr\u00e4dde den amerikanska&hellip;\n","protected":false},"author":2,"featured_media":133280,"comment_status":"","ping_status":"","sticky":false,"template":"","format":"standard","meta":{"footnotes":""},"categories":[5],"tags":[22,23,26,27,17,21,24,25,28,29,15,16,18,34,31,33,32,30,19,20],"class_list":{"0":"post-133279","1":"post","2":"type-post","3":"status-publish","4":"format-standard","5":"has-post-thumbnail","7":"category-rubriker","8":"tag-breaking-news","9":"tag-breakingnews","10":"tag-featured-news","11":"tag-featurednews","12":"tag-headlines","13":"tag-huvudnyheter","14":"tag-latest-news","15":"tag-latestnews","16":"tag-main-news","17":"tag-mainnews","18":"tag-news","19":"tag-nyheter","20":"tag-rubriker","21":"tag-se","22":"tag-svenska","23":"tag-sverige","24":"tag-sweden","25":"tag-swedish","26":"tag-top-stories","27":"tag-topstories"},"share_on_mastodon":{"url":"https:\/\/pubeurope.com\/@se\/115882312517211144","error":""},"_links":{"self":[{"href":"https:\/\/www.europesays.com\/se\/wp-json\/wp\/v2\/posts\/133279","targetHints":{"allow":["GET"]}}],"collection":[{"href":"https:\/\/www.europesays.com\/se\/wp-json\/wp\/v2\/posts"}],"about":[{"href":"https:\/\/www.europesays.com\/se\/wp-json\/wp\/v2\/types\/post"}],"author":[{"embeddable":true,"href":"https:\/\/www.europesays.com\/se\/wp-json\/wp\/v2\/users\/2"}],"replies":[{"embeddable":true,"href":"https:\/\/www.europesays.com\/se\/wp-json\/wp\/v2\/comments?post=133279"}],"version-history":[{"count":0,"href":"https:\/\/www.europesays.com\/se\/wp-json\/wp\/v2\/posts\/133279\/revisions"}],"wp:featuredmedia":[{"embeddable":true,"href":"https:\/\/www.europesays.com\/se\/wp-json\/wp\/v2\/media\/133280"}],"wp:attachment":[{"href":"https:\/\/www.europesays.com\/se\/wp-json\/wp\/v2\/media?parent=133279"}],"wp:term":[{"taxonomy":"category","embeddable":true,"href":"https:\/\/www.europesays.com\/se\/wp-json\/wp\/v2\/categories?post=133279"},{"taxonomy":"post_tag","embeddable":true,"href":"https:\/\/www.europesays.com\/se\/wp-json\/wp\/v2\/tags?post=133279"}],"curies":[{"name":"wp","href":"https:\/\/api.w.org\/{rel}","templated":true}]}}