{"id":133303,"date":"2026-01-12T13:32:06","date_gmt":"2026-01-12T13:32:06","guid":{"rendered":"https:\/\/www.europesays.com\/se\/133303\/"},"modified":"2026-01-12T13:32:06","modified_gmt":"2026-01-12T13:32:06","slug":"skidskytte-har-ar-sista-vc-truppen-infor-os-uttagningen-svt-nyheter","status":"publish","type":"post","link":"https:\/\/www.europesays.com\/se\/133303\/","title":{"rendered":"Skidskytte: H\u00e4r \u00e4r sista VC-truppen inf\u00f6r OS-uttagningen &#8211; SVT Nyheter"},"content":{"rendered":"<ol>\n<li><a href=\"https:\/\/news.google.com\/rss\/articles\/CBMihwFBVV95cUxORmM5NldFR0duOElfWDBhTUR6Q0MxaWk0X3dfNFZaT3U2WGRGMEpDSXRIYmsxLXpQMzlvRDRqQWxnUGRiQXlfZEtpX0p5M09XcGlLNlVsTVVIaTJEQXZWcHV2UEhWYkpRQ2F2SXlZaFdhZmp1T21Mc0F5cTBIUS1nLUpJU0NCelU?oc=5\" target=\"_blank\" rel=\"nofollow noopener\">Skidskytte: H\u00e4r \u00e4r sista VC-truppen inf\u00f6r OS-uttagningen<\/a>&nbsp;&nbsp;SVT Nyheter<\/li>\n<li><a href=\"https:\/\/news.google.com\/rss\/articles\/CBMi1AFBVV95cUxQektaaENMck9aOUJXSUxkYnlzYkNWQkZWVnByLW1xOWwxUDJSQUpfdXN2ejh2TnBGOW5Pb0VZRnJfMTZfMWFTOHRKalJzWmtBOGtYZFRUOXJBem5QX3Y2ekt0M1R2UlgxLUd5ZDhrVnZJek92dFlwdkFzYzBYeWFDcW1oZWlyUS0xaUtNd29QR3htNkxETldrZXVLUDB1TkNyWEM1WWhqZ08yQVVkZmNCMlJWSlZmSTY2RjE3UV8tUXg5STFYejZwWTd6cWlrVnNPc2xrQQ?oc=5\" target=\"_blank\" rel=\"nofollow noopener\">Laguttagning f\u00f6r World Cup 5, Ruhpolding och IBU Cup 5, Brezno-Osrblie<\/a>&nbsp;&nbsp;Via TT<\/li>\n<li><a href=\"https:\/\/news.google.com\/rss\/articles\/CBMipwFBVV95cUxQOE9YaEZMZDhhVkNWd3pkSW11VGFpbDJyeUppRzdEbkhkNDB3M0JFN3FNY0FaYXJ6ZTRiXzA0VXQzTUhndHVmSWg4eVJhWkY2NmE4RkRuMEI3OVJaSkV4SHdIMnlKQVJxUlJaaVVkN05wVDZrV1A4Z0ZiajF4ZXltb2Q1LV9MVmdoRUlROG9aQTRwdG9Ld2pmNDBxTUI1TUkwUnBkSnpQSQ?oc=5\" target=\"_blank\" rel=\"nofollow noopener\">Sista chansen att ta OS-platser \u2013 de g\u00f6r upp<\/a>&nbsp;&nbsp;Aftonbladet<\/li>\n<li><a href=\"https:\/\/news.google.com\/rss\/articles\/CBMijgFBVV95cUxPLUJvY2g4c1dhT3NrYUNmbEY1WThJb2REcVVlSXlwakkxb3lBbzBFQjQ1V3ZZcEZuM09Pak1XUWxnZXNhRGpBbDA5OEl4SU1iSktSX0U1eFhIZy1EZ0M1WVRJYTV3SGFwUmZEVDlPZlB4ZjlGaTJWeFdtUDdidkRPTjE3dU5SQ0JHOUlxUl9R?oc=5\" target=\"_blank\" rel=\"nofollow noopener\">Bergman inf\u00f6r stafetten: \u201dSverige \u00e4r storfavoriter\u201d<\/a>&nbsp;&nbsp;Sveriges Radio<\/li>\n<li><a href=\"https:\/\/news.google.com\/rss\/articles\/CBMikwFBVV95cUxPcHFQRDdBMFNvTDltNHBqVnhBaW02TzJwT3NDaWZVamxqVjNOd0ZPTDRKZlQ4LV9jeEY0ZVNKYlhyVnlhVWVrTktJcktSODUtbFp2ZWVGU0RkNmo3Vk50LWZ0Qjc1QmZGQU9TTGxOWUtna0xZZG9lQ3Q4NnoxbUFWY0JISDNIX3Z2MEdlV2pKekpiR2s?oc=5\" target=\"_blank\" rel=\"nofollow noopener\">Kastar om laget rej\u00e4lt innan OS<\/a>&nbsp;&nbsp;Expressen<\/li>\n<\/ol>\n","protected":false},"excerpt":{"rendered":"Skidskytte: H\u00e4r \u00e4r sista VC-truppen inf\u00f6r OS-uttagningen&nbsp;&nbsp;SVT Nyheter Laguttagning f\u00f6r World Cup 5, Ruhpolding och IBU Cup 5,&hellip;\n","protected":false},"author":2,"featured_media":133304,"comment_status":"","ping_status":"","sticky":false,"template":"","format":"standard","meta":{"footnotes":""},"categories":[68],"tags":[34,111,110,31,33,32,30],"class_list":{"0":"post-133303","1":"post","2":"type-post","3":"status-publish","4":"format-standard","5":"has-post-thumbnail","7":"category-sport","8":"tag-se","9":"tag-sport","10":"tag-sports","11":"tag-svenska","12":"tag-sverige","13":"tag-sweden","14":"tag-swedish"},"share_on_mastodon":{"url":"https:\/\/pubeurope.com\/@se\/115882383394451196","error":""},"_links":{"self":[{"href":"https:\/\/www.europesays.com\/se\/wp-json\/wp\/v2\/posts\/133303","targetHints":{"allow":["GET"]}}],"collection":[{"href":"https:\/\/www.europesays.com\/se\/wp-json\/wp\/v2\/posts"}],"about":[{"href":"https:\/\/www.europesays.com\/se\/wp-json\/wp\/v2\/types\/post"}],"author":[{"embeddable":true,"href":"https:\/\/www.europesays.com\/se\/wp-json\/wp\/v2\/users\/2"}],"replies":[{"embeddable":true,"href":"https:\/\/www.europesays.com\/se\/wp-json\/wp\/v2\/comments?post=133303"}],"version-history":[{"count":0,"href":"https:\/\/www.europesays.com\/se\/wp-json\/wp\/v2\/posts\/133303\/revisions"}],"wp:featuredmedia":[{"embeddable":true,"href":"https:\/\/www.europesays.com\/se\/wp-json\/wp\/v2\/media\/133304"}],"wp:attachment":[{"href":"https:\/\/www.europesays.com\/se\/wp-json\/wp\/v2\/media?parent=133303"}],"wp:term":[{"taxonomy":"category","embeddable":true,"href":"https:\/\/www.europesays.com\/se\/wp-json\/wp\/v2\/categories?post=133303"},{"taxonomy":"post_tag","embeddable":true,"href":"https:\/\/www.europesays.com\/se\/wp-json\/wp\/v2\/tags?post=133303"}],"curies":[{"name":"wp","href":"https:\/\/api.w.org\/{rel}","templated":true}]}}