{"id":133317,"date":"2026-01-12T13:44:20","date_gmt":"2026-01-12T13:44:20","guid":{"rendered":"https:\/\/www.europesays.com\/se\/133317\/"},"modified":"2026-01-12T13:44:20","modified_gmt":"2026-01-12T13:44:20","slug":"il-misstankt-fran-fitburgs-besattning-halls-kvar-i-hakte-efter-kabelbrottet-pa-nyarsaftonen-inrikes","status":"publish","type":"post","link":"https:\/\/www.europesays.com\/se\/133317\/","title":{"rendered":"IL: Misst\u00e4nkt fr\u00e5n Fitburgs bes\u00e4ttning h\u00e5lls kvar i h\u00e4kte efter kabelbrottet p\u00e5 ny\u00e5rsaftonen | Inrikes"},"content":{"rendered":"<p class=\"aw-1gybjub aw-5vja16 kEtdKx kmuxyA yle__article__paragraph\">Han \u00e4r den enda ur fartyget Fitburgs bes\u00e4ttning som h\u00e4ktats efter kabelbrottet mellan Finland och Estland p\u00e5 ny\u00e5rsaftonen.<\/p>\n<p><img decoding=\"async\" alt=\"Ett bl\u00e5vitt fartyg f\u00f6rt\u00f6jt i en sn\u00f6ig hamn.\" src=\"https:\/\/www.europesays.com\/se\/wp-content\/uploads\/2026\/01\/39-15793186961081cdafaa.jpeg\" class=\"aw-1l9m598 hKVVvP\"\/><\/p>\n<p>\u00d6ppna bildvisare<\/p>\n<p>Fitburg ligger f\u00f6rt\u00f6jt i Kantvik i Kyrksl\u00e4tt. Bild: Toni M\u00e4\u00e4tt\u00e4Lyssna (du h\u00f6r en artificiell r\u00f6st) 1:47<\/p>\n<p class=\"aw-1gybjub aw-1p7kakr kEtdKx cEmitX yle__article__paragraph\">Den av lastfartyget Fitburgs bes\u00e4ttningsmedlemmar <a class=\"aw-iao6s4 iHOxEa yle__article__link\" href=\"https:\/\/yle.fi\/a\/7-10090826\" role=\"link\" rel=\"nofollow noopener\" target=\"_blank\">som h\u00e4ktades<\/a> f\u00f6r ungef\u00e4r en vecka sedan \u00e4r fortsatt h\u00e4ktad, skriver <a class=\"aw-iao6s4 iHOxEa yle__article__link\" href=\"https:\/\/www.iltalehti.fi\/kotimaa\/a\/ea8da87c-70c9-4428-9cc8-2f4e8a86ab2f\" role=\"link\" rel=\"nofollow noopener\" target=\"_blank\">Iltalehti<\/a>.<\/p>\n<p class=\"aw-1gybjub aw-1p7kakr kEtdKx cEmitX yle__article__paragraph\">Han misst\u00e4nks bland annat f\u00f6r grovt st\u00f6rande av post- och teletrafik.<\/p>\n<p class=\"aw-1gybjub aw-1p7kakr kEtdKx cEmitX yle__article__paragraph\">Misstankegraden mot honom har sk\u00e4rpts, skriver Iltalehti. F\u00f6r en vecka sedan h\u00e4ktades han som sk\u00e4ligen misst\u00e4nkt, vilket \u00e4r den l\u00e4gre misstankegraden. Nu omh\u00e4ktades han som p\u00e5 sannolika sk\u00e4l misst\u00e4nkt, den h\u00f6gre graden.<\/p>\n<p class=\"aw-1gybjub aw-1p7kakr kEtdKx cEmitX yle__article__paragraph\">Beslutet fattades av Helsingfors tingsr\u00e4tt p\u00e5 s\u00f6ndagen.<\/p>\n<p class=\"aw-1gybjub aw-1p7kakr kEtdKx cEmitX yle__article__paragraph\">Fartyget Fitburg misst\u00e4nks ligga bakom kabelbrottet i Finska viken <a class=\"aw-iao6s4 iHOxEa yle__article__link\" href=\"https:\/\/yle.fi\/a\/7-10090723\/64-3-286554\" role=\"link\" rel=\"nofollow noopener\" target=\"_blank\">p\u00e5 ny\u00e5rsaftonen<\/a>.<\/p>\n<p class=\"aw-1gybjub aw-1p7kakr kEtdKx cEmitX yle__article__paragraph\">Den h\u00e4ktade \u00e4r azerbajdzjansk medborgare. Polisen har inte uppgett vilken position han hade i bes\u00e4ttningen.<\/p>\n<p class=\"aw-1gybjub aw-1p7kakr kEtdKx cEmitX yle__article__paragraph\">\u2013 Som sagt kan vi inte uppge personens position men det har givetvis att g\u00f6ra med ansvaret f\u00f6r de uppkomna skadorna och ankaret som sl\u00e4pade, sa unders\u00f6kningsledare <strong class=\"aw-ak79eh KyCXm yle__article__strong\">Risto Lohi<\/strong> vid Centralkriminalpolisen tidigare.<\/p>\n<p>Den andra anh\u00e5llna fick resef\u00f6rbud<\/p>\n<p class=\"aw-1gybjub aw-1p7kakr kEtdKx cEmitX yle__article__paragraph\">Totalt har polisen anh\u00e5llit tv\u00e5 personer i Fitburgs bes\u00e4ttning: den azerbajdzjanska medborgaren och en person med ryskt medborgarskap.<\/p>\n<p class=\"aw-1gybjub aw-1p7kakr kEtdKx cEmitX yle__article__paragraph\">D\u00e4remot beg\u00e4rdes den ryska personen inte h\u00e4ktad, utan belades i st\u00e4llet med resef\u00f6rbud.<\/p>\n<p class=\"aw-1gybjub aw-1p7kakr kEtdKx cEmitX yle__article__paragraph\">Sammanlagt har den ryska personen och tv\u00e5 andra av Fitburgs 14 bes\u00e4ttningsmedlemmar belagts med resf\u00f6rbud.<\/p>\n<p class=\"aw-1gybjub aw-1p7kakr kEtdKx cEmitX yle__article__paragraph\">Tidigare i veckan meddelade Centralkriminalpolisen att man har beslagtagit fartyget.<\/p>\n<p class=\"aw-1gybjub aw-1p7kakr kEtdKx cEmitX yle__article__paragraph\">Tullen meddelade ocks\u00e5 i veckan att man friar Fitburg fr\u00e5n misstankar om sanktionsbrott.<\/p>\n","protected":false},"excerpt":{"rendered":"Han \u00e4r den enda ur fartyget Fitburgs bes\u00e4ttning som h\u00e4ktats efter kabelbrottet mellan Finland och Estland p\u00e5 ny\u00e5rsaftonen.&hellip;\n","protected":false},"author":2,"featured_media":133318,"comment_status":"","ping_status":"","sticky":false,"template":"","format":"standard","meta":{"footnotes":""},"categories":[14],"tags":[22,23,5584,12991,26,27,684,13056,12990,17,21,683,24,25,28,29,5989,15,16,1274,5575,18,34,31,33,32,30,19,20,51,52,53,54],"class_list":{"0":"post-133317","1":"post","2":"type-post","3":"status-publish","4":"format-standard","5":"has-post-thumbnail","7":"category-varlden","8":"tag-breaking-news","9":"tag-breakingnews","10":"tag-brottsmisstankar","11":"tag-centralkriminalpolisen-ckp","12":"tag-featured-news","13":"tag-featurednews","14":"tag-finland","15":"tag-finska-viken","16":"tag-forundersokning","17":"tag-headlines","18":"tag-huvudnyheter","19":"tag-inrikes","20":"tag-latest-news","21":"tag-latestnews","22":"tag-main-news","23":"tag-mainnews","24":"tag-misstankta","25":"tag-news","26":"tag-nyheter","27":"tag-polisen","28":"tag-polisundersokning","29":"tag-rubriker","30":"tag-se","31":"tag-svenska","32":"tag-sverige","33":"tag-sweden","34":"tag-swedish","35":"tag-top-stories","36":"tag-topstories","37":"tag-varlden","38":"tag-world","39":"tag-world-news","40":"tag-worldnews"},"share_on_mastodon":{"url":"","error":"Validation failed: Text character limit of 500 exceeded"},"_links":{"self":[{"href":"https:\/\/www.europesays.com\/se\/wp-json\/wp\/v2\/posts\/133317","targetHints":{"allow":["GET"]}}],"collection":[{"href":"https:\/\/www.europesays.com\/se\/wp-json\/wp\/v2\/posts"}],"about":[{"href":"https:\/\/www.europesays.com\/se\/wp-json\/wp\/v2\/types\/post"}],"author":[{"embeddable":true,"href":"https:\/\/www.europesays.com\/se\/wp-json\/wp\/v2\/users\/2"}],"replies":[{"embeddable":true,"href":"https:\/\/www.europesays.com\/se\/wp-json\/wp\/v2\/comments?post=133317"}],"version-history":[{"count":0,"href":"https:\/\/www.europesays.com\/se\/wp-json\/wp\/v2\/posts\/133317\/revisions"}],"wp:featuredmedia":[{"embeddable":true,"href":"https:\/\/www.europesays.com\/se\/wp-json\/wp\/v2\/media\/133318"}],"wp:attachment":[{"href":"https:\/\/www.europesays.com\/se\/wp-json\/wp\/v2\/media?parent=133317"}],"wp:term":[{"taxonomy":"category","embeddable":true,"href":"https:\/\/www.europesays.com\/se\/wp-json\/wp\/v2\/categories?post=133317"},{"taxonomy":"post_tag","embeddable":true,"href":"https:\/\/www.europesays.com\/se\/wp-json\/wp\/v2\/tags?post=133317"}],"curies":[{"name":"wp","href":"https:\/\/api.w.org\/{rel}","templated":true}]}}