{"id":133319,"date":"2026-01-12T13:45:07","date_gmt":"2026-01-12T13:45:07","guid":{"rendered":"https:\/\/www.europesays.com\/se\/133319\/"},"modified":"2026-01-12T13:45:07","modified_gmt":"2026-01-12T13:45:07","slug":"region-vasternorrland-region-vasternorrland-tar-over-europa-direkt","status":"publish","type":"post","link":"https:\/\/www.europesays.com\/se\/133319\/","title":{"rendered":"Region V\u00e4sternorrland &#8211; Region V\u00e4sternorrland tar \u00f6ver Europa Direkt"},"content":{"rendered":"<p><img decoding=\"async\" src=\"https:\/\/www.europesays.com\/se\/wp-content\/uploads\/2026\/01\/bildcollage-eu-direkt.jpg\" alt=\"Bildmontage med Regionens hus i H\u00e4rn\u00f6sand till v\u00e4nster och en EU-flagga till h\u00f6ger i bilden.\" class=\"\"\/>&#13;<br \/>\n    &#13;<\/p>\n<p class=\"main-intro\">\n                                                Fr\u00e5n och med januari 2026 tar Region V\u00e4sternorrland \u00f6ver ansvaret f\u00f6r Europa Direkt, tidigare hos H\u00e4rn\u00f6sands kommun. Kontoret ing\u00e5r i ett EU-omfattande n\u00e4tverk som administreras av Europeiska kommissionen. Syftet \u00e4r att sprida kunskap om EU och skapa m\u00f6jligheter f\u00f6r m\u00e4nniskor att delta i samtal om EU:s framtid.\n                                            <\/p>\n<blockquote>\n<p>&#8211; Europa Direkt g\u00f6r det l\u00e4ttare f\u00f6r inv\u00e5nare i hela l\u00e4net att f\u00e5 kunskap om EU och att delta i samtal om v\u00e5r framtid inom EU. Uppdraget utg\u00f6r en viktig l\u00e4nk mellan EU och medborgarna, s\u00e4rskilt i arbetet med unga vuxna och genom att erbjuda \u00f6ppen information. Det st\u00e4rker EU-fr\u00e5gorna i l\u00e4net och g\u00f6r det enklare f\u00f6r fler att engagera sig och delta, s\u00e4ger Jonny Lundin (C), ordf\u00f6rande i regionala utvecklingsn\u00e4mnden, Region V\u00e4sternorrland.<\/p>\n<\/blockquote>\n<p>Del av nytt Europa Direkt-n\u00e4tverk 2026\u20132030<\/p>\n<p>Europa Direkt-kontoret i V\u00e4sternorrland ing\u00e5r i det nya Europa Direkt-n\u00e4tverket f\u00f6r perioden 2026\u20132030, d\u00e4r EU-kommissionen samfinansierar 15 kontor i Sverige med 50 000 euro per \u00e5r och kontor. Satsningen \u00e4r en del av EU-kommissionens ambition att st\u00e4rka de lokala informationskontoren och n\u00e5 ut bredare i hela landet med kunskap om hur EU fungerar i praktiken och hur europeiska beslut p\u00e5verkar vardagen. Totalt kommer drygt 400 Europa Direkt-kontor att finnas runt om i EU under perioden. Kontoren f\u00e5r st\u00f6d i form av utbildning och samverkar med myndigheter och andra lokala akt\u00f6rer f\u00f6r att \u00f6ka kunskapen om EU, stimulera till dialog och st\u00e4rka engagemanget f\u00f6r det europeiska samarbetet.<\/p>\n<p>Brett utbud av aktiviteter under 2026<\/p>\n<p>Under 2026 planerar Europa Direkt flera aktiviteter runt om i l\u00e4net. Bland annat genomf\u00f6rs pop up-tr\u00e4ffar i l\u00e4nets kommuner i form av demokratifika f\u00f6r att uppm\u00e4rksamma aktuella EU-fr\u00e5gor. I samband med Europadagen den 9 maj finns ocks\u00e5 m\u00f6jlighet f\u00f6r f\u00f6reningar som arbetar f\u00f6r europeisk m\u00e5ngfald att bli tilldelade en EU-fana.<\/p>\n<p>Arbetet med unga och demokrati \u00e4r en s\u00e4rskilt viktig del. Europa Direkt arrangerar demokrativerkst\u00e4der inom ramen f\u00f6r EU:s ungdomsdialog f\u00f6r att unga i V\u00e4sternorrland ska f\u00e5 m\u00f6jlighet att g\u00f6ra sina r\u00f6ster h\u00f6rda p\u00e5 EU-niv\u00e5. Tillsammans med Europa Direkt Norrbotten och V\u00e4sterbotten medverkar kontoret \u00e4ven i Europaforum Norra Sverige med fokus p\u00e5 unga och demokrati i Kiruna.<\/p>\n<p>Under \u00e5ret genomf\u00f6rs ocks\u00e5 kampanjveckan WEEK17 p\u00e5 bibliotek runt om i regionen f\u00f6r att lyfta Agenda 2030, i samarbete med bland andra L\u00e4nsstyrelsen V\u00e4sternorrland och H\u00e4rn\u00f6sands kommun. Unga mellan 16 och 30 \u00e5r ges m\u00f6jlighet att delta i poesit\u00e4vlingen under litteraturfestivalen Mittlitt, d\u00e4r f\u00f6rstapriset \u00e4r ett Interrail-kort. Dessutom deltar Europa Direkt i European Mobility Week genom regional spridning av kampanjen samt utdelning av sadelskydd till cyklister och b\u00f6cker till t\u00e5gpendlare.<\/p>\n<p>F\u00f6lj Europa Direkt i sociala medier<\/p>\n<p>Vill du engagera dig i Europa Direkt-kontorets aktiviteter eller \u00e4r nyfiken att veta mer om vad som \u00e4r p\u00e5 g\u00e5ng? D\u00e5 kan du f\u00f6lja Europa Direkt i sociala medier:<\/p>\n<p>Instagram: europadirektvasternorrland<br \/>Facebook: Europa Direkt V\u00e4sternorrland<\/p>\n<p>&#13;<br \/>\n&#13;<br \/>\n&#13;<br \/>\n&#13;<\/p>\n","protected":false},"excerpt":{"rendered":"&#13; &#13; Fr\u00e5n och med januari 2026 tar Region V\u00e4sternorrland \u00f6ver ansvaret f\u00f6r Europa Direkt, tidigare hos H\u00e4rn\u00f6sands&hellip;\n","protected":false},"author":2,"featured_media":133320,"comment_status":"","ping_status":"","sticky":false,"template":"","format":"standard","meta":{"footnotes":""},"categories":[12],"tags":[22,23,26,27,17,21,24,25,28,29,15,16,18,34,31,33,32,30,19,20],"class_list":{"0":"post-133319","1":"post","2":"type-post","3":"status-publish","4":"format-standard","5":"has-post-thumbnail","7":"category-sverige","8":"tag-breaking-news","9":"tag-breakingnews","10":"tag-featured-news","11":"tag-featurednews","12":"tag-headlines","13":"tag-huvudnyheter","14":"tag-latest-news","15":"tag-latestnews","16":"tag-main-news","17":"tag-mainnews","18":"tag-news","19":"tag-nyheter","20":"tag-rubriker","21":"tag-se","22":"tag-svenska","23":"tag-sverige","24":"tag-sweden","25":"tag-swedish","26":"tag-top-stories","27":"tag-topstories"},"share_on_mastodon":{"url":"https:\/\/pubeurope.com\/@se\/115882434583604667","error":""},"_links":{"self":[{"href":"https:\/\/www.europesays.com\/se\/wp-json\/wp\/v2\/posts\/133319","targetHints":{"allow":["GET"]}}],"collection":[{"href":"https:\/\/www.europesays.com\/se\/wp-json\/wp\/v2\/posts"}],"about":[{"href":"https:\/\/www.europesays.com\/se\/wp-json\/wp\/v2\/types\/post"}],"author":[{"embeddable":true,"href":"https:\/\/www.europesays.com\/se\/wp-json\/wp\/v2\/users\/2"}],"replies":[{"embeddable":true,"href":"https:\/\/www.europesays.com\/se\/wp-json\/wp\/v2\/comments?post=133319"}],"version-history":[{"count":0,"href":"https:\/\/www.europesays.com\/se\/wp-json\/wp\/v2\/posts\/133319\/revisions"}],"wp:featuredmedia":[{"embeddable":true,"href":"https:\/\/www.europesays.com\/se\/wp-json\/wp\/v2\/media\/133320"}],"wp:attachment":[{"href":"https:\/\/www.europesays.com\/se\/wp-json\/wp\/v2\/media?parent=133319"}],"wp:term":[{"taxonomy":"category","embeddable":true,"href":"https:\/\/www.europesays.com\/se\/wp-json\/wp\/v2\/categories?post=133319"},{"taxonomy":"post_tag","embeddable":true,"href":"https:\/\/www.europesays.com\/se\/wp-json\/wp\/v2\/tags?post=133319"}],"curies":[{"name":"wp","href":"https:\/\/api.w.org\/{rel}","templated":true}]}}