{"id":133321,"date":"2026-01-12T13:46:09","date_gmt":"2026-01-12T13:46:09","guid":{"rendered":"https:\/\/www.europesays.com\/se\/133321\/"},"modified":"2026-01-12T13:46:09","modified_gmt":"2026-01-12T13:46:09","slug":"forsvarsministerns-tal-pa-folk-och-forsvars-rikskonferens-2026","status":"publish","type":"post","link":"https:\/\/www.europesays.com\/se\/133321\/","title":{"rendered":"F\u00f6rsvarsministerns tal p\u00e5 Folk och F\u00f6rsvars rikskonferens 2026"},"content":{"rendered":"<p>Ers majest\u00e4t\u00a0<\/p>\n<p>Ers kungliga h\u00f6ghet<\/p>\n<p>Mina damer och herrar<\/p>\n<p>Omv\u00e4rldsl\u00e4get \u00e4r \u00e4nnu mer allvarligt och hotfullt \u00e4n n\u00e4r vi m\u00f6ttes h\u00e4r i fjol. Det m\u00f6rknar vid horisonten b\u00e5de i \u00f6ster och v\u00e4ster.\u00a0<\/p>\n<p>Samtidigt har Sverige blivit ett starkare land de senaste \u00e5ren.\u00a0<\/p>\n<p>Ber\u00f6rings\u00e5ngesten med Nato, underinvesteringar i f\u00f6rsvaret och ett blygsamt Ukrainast\u00f6d tillh\u00f6r det f\u00f6rg\u00e5ngna.<\/p>\n<p>Sedan 2022 har Sverige g\u00e5tt:<\/p>\n<ul>\n<li>Fr\u00e5n milit\u00e4r alliansfrihet till att nu ta ansvar f\u00f6r s\u00e4kerheten i v\u00e5rt n\u00e4romr\u00e5de genom omfattande styrkebidrag till Nato i Finland, i Lettland, i Polen och p\u00e5 \u00d6stersj\u00f6n.<\/li>\n<li>Fr\u00e5n att ha underinvesterat i f\u00f6rsvaret till att \u00f6ka anslagen fr\u00e5n 75 miljarder kr till 175 miljarder kr i \u00e5r.<\/li>\n<li>Fr\u00e5n att nio m\u00e5nader in i kriget ha l\u00e4mnat ett milit\u00e4rt st\u00f6d till Ukraina p\u00e5 ca tre miljarder kr till att nu ha beslutat om st\u00f6d p\u00e5 \u00f6ver 90 miljarder kr. Sverige l\u00e4mnade ett av de allra st\u00f6rsta Ukrainast\u00f6den i v\u00e4rlden under 2025.<\/li>\n<li>Fr\u00e5n att ha varit ett land d\u00e4r f\u00f6rsvarsindustrin emellan\u00e5t haft sv\u00e5rt p\u00e5 exportmarknaderna utan till exempel en enda Gripenaff\u00e4r p\u00e5 \u00f6ver 10 \u00e5r. Till att nu vara en av Europas viktigaste vapensmedjor som s\u00e5lt JAS Gripen till Thailand, Ungern, Colombia och sannolikt snart Ukraina. Dessutom Global Eye till Frankrike, ub\u00e5tar till Polen, Archer till Storbritannien och Lettland, samt \u00f6ver 1000 nya stridsfordon 90 till 10 l\u00e4nder.\u00a0<\/li>\n<\/ul>\n<p>Detta \u00e4r n\u00e5gra sk\u00e4l till att Sverige nu \u00e4r en h\u00f6rnsten i det gemensamma f\u00f6rsvaret av norra Europa, tillsammans med v\u00e5ra allierade i Nato och EU. Det \u00e4r en historisk f\u00f6r\u00e4ndring. Och den oml\u00e4ggningen har skett under regeringens ledarskap, men oftast i bred politisk enighet i Sveriges riksdag. Politiken ger inriktningen och skapar f\u00f6ruts\u00e4ttningar, men det \u00e4r alla h\u00e5rt arbetande m\u00e4nniskor i totalf\u00f6rsvaret som utf\u00f6r sj\u00e4lva jobbet.<\/p>\n<p>Jag vill rikta ett varmt tack f\u00f6r era insatser att h\u00e5lla Sverige s\u00e4kert i dessa orostider.\u00a0<\/p>\n<p>Uppbyggnaden av totalf\u00f6rsvaret \u00e4r den st\u00f6rsta och snabbaste samh\u00e4llsomvandlingen som Sverige genomg\u00e5tt p\u00e5 flera decennier.\u00a0Men upprustningen sker inte i ett vacuum. Starka statsfinanser och politisk stabilitet l\u00e4gger grunden f\u00f6r all framg\u00e5ngsrik f\u00f6rsvarspolitik. Det g\u00f6r att Sverige, till skillnad fr\u00e5n m\u00e5nga andra l\u00e4nder, b\u00e5de har r\u00e5d att investera i sitt f\u00f6rsvar och ge ett starkt st\u00f6d till Ukraina.\u00a0<\/p>\n<p>\u00c4ven efter valet i september m\u00e5ste Sverige ha en regering som prioriterar f\u00f6rsvaret och som \u00e4r enig i dessa fr\u00e5gor.\u00a0F\u00f6r oml\u00e4ggningen av f\u00f6rsvarspolitiken \u00e4r l\u00e5ngt ifr\u00e5n klar.\u00a0Jag ser tv\u00e5 omr\u00e5den som helt avg\u00f6rande f\u00f6r f\u00f6rst\u00e4rkningarna av f\u00f6rsvaret.<\/p>\n<p>F\u00f6r det f\u00f6rsta: krigsf\u00f6rbanden utg\u00f6r k\u00e4rnan i v\u00e5r f\u00f6rsvarsf\u00f6rm\u00e5ga. De m\u00e5ste bli starkare och de m\u00e5ste bli fler. Det kr\u00e4ver att de \u00e4r bemannade, utrustade och sam\u00f6vade.\u00a0<\/p>\n<p>I alla personalkategorier ligger F\u00f6rsvarsmakten redan nu \u00f6ver niv\u00e5erna i det senast f\u00f6rsvarsbeslutet.\u00a0Det \u00e4r bra. Personalen \u00e4r k\u00e4rnan i f\u00f6rsvaret. Den beh\u00f6ver b\u00e5de erk\u00e4nnande och ers\u00e4ttning.\u00a0D\u00e4rf\u00f6r har regeringen h\u00f6jt dagers\u00e4ttningen till v\u00e4rnpliktiga, hemv\u00e4rnssoldater och officersaspiranter.<\/p>\n<p>De frivilliga f\u00f6rsvarsorganisationerna spelar en viktig roll f\u00f6r uppbyggnaden av f\u00f6rsvaret. Det \u00e4r till exempel inspirerande att Frivilliga flygk\u00e5ren utvecklat en ny dr\u00f6nark\u00e5r. F\u00f6rsvarsmakten borde anv\u00e4nda frivilligorganisationerna \u00e4nnu mer. Vi st\u00e4rker f\u00f6ruts\u00e4ttningarna f\u00f6r det. Idag kan vi ber\u00e4tta att regeringen h\u00f6jer uppdragsers\u00e4ttningen till dessa organisationer med ca 20 procent f\u00f6r 2026.<\/p>\n<p>Fokus p\u00e5 krigsf\u00f6rbanden inneb\u00e4r ocks\u00e5 fokus p\u00e5 r\u00e4tt materiel, till r\u00e4tt plats och i r\u00e4tt tid. Regeringen har tredubblat bemyndigandet f\u00f6r materielbest\u00e4llningarna fr\u00e5n 92 miljarder till 289 miljarder kronor under de senaste \u00e5ren. Under \u00e5ret kommer tempot i upprustningen att \u00f6ka ytterligare genom bland annat anskaffning av nya ytstridsfartyg, luftv\u00e4rn, raketartilleri och kryssningsrobotar.<\/p>\n<p>Men best\u00e4llningar \u00e4r en sak, snabba leveranser fr\u00e5n industrin till krigsf\u00f6rbanden en annan. H\u00e4r vill jag ge den samlade europeiska och svenska f\u00f6rsvarsindustrin en utmaning.<\/p>\n<p>Produktionsf\u00f6rm\u00e5gan m\u00e5ste \u00f6ka \u00e4nnu mer, leveranstiderna m\u00e5ste minska och kostnadskurvorna m\u00e5ste brytas. N\u00e4r vi k\u00f6per mer och fler s\u00e5 m\u00e5ste det helt enkelt bli billigare, inte dyrare. De f\u00f6retag som inte h\u00f6rsammar detta kommer att bli irrelevanta f\u00f6r f\u00f6rsvarets behov och riskerar att v\u00e4ljas bort. I geng\u00e4ld beh\u00f6ver myndigheterna l\u00e4gga b\u00e5de snabbare och l\u00e4ngre best\u00e4llningar. H\u00e4r finns det en f\u00f6rb\u00e4ttringspotential p\u00e5 b\u00e5da sidor. \u00a0<\/p>\n<p>Vi har alla ett gemensamt ansvar att skynda p\u00e5 upprustningen av Sverige.<\/p>\n<p>F\u00f6r det andra, ett starkt och modernt svenskt f\u00f6rsvar kr\u00e4ver att ny teknik n\u00e5r krigsf\u00f6rbanden mycket snabbare.\u00a0<\/p>\n<p>Kriget i Ukraina har visat att f\u00f6rm\u00e5gan att snabbt utveckla, massproducera och f\u00f6rbandss\u00e4tta ny teknik \u00e4r helt avg\u00f6rande. Ingen vet exakt hur n\u00e4sta krig kommer att gestalta sig. Men en sak \u00e4r s\u00e4ker: Framtidens slagf\u00e4lt kommer i h\u00f6gre grad att pr\u00e4glas av obemannade system och l\u00e5ngr\u00e4ckviddig bek\u00e4mpning. Den som inte h\u00f6rsammar detta kommer att vara d\u00f6d eller utslagen. Kriget \u00e4r som bekant en grym l\u00e4rom\u00e4stare. \u00a0<\/p>\n<p>P\u00e5 f\u00f6rra \u00e5rets Rikskonferens presenterade jag GNADD-projektet, som p\u00e5 kort tid utvecklat autonoma dr\u00f6narsv\u00e4rmar f\u00f6r det svenska f\u00f6rsvaret. Jag kan idag ber\u00e4tta att regeringen precis beslutat om en dr\u00f6narsatsning om 4 miljarder kr f\u00f6r att snabbt anskaffa olika sorters obemannade system till samtliga f\u00f6rsvarsgrenar.<\/p>\n<p>Dr\u00f6narsatsningen innefattar l\u00e5ngr\u00e4ckviddiga patrullrobotar f\u00f6r bek\u00e4mpning, spaningsdr\u00f6nare och luftburen telekrigsf\u00f6rm\u00e5ga. Men \u00e4ven sj\u00f6dr\u00f6nare f\u00f6r minr\u00f6jning och havs\u00f6vervakning.\u00a0Allt ska vara levererat inom tv\u00e5 \u00e5r.\u00a0<\/p>\n<p>Det g\u00f6rs \u00e4ven en satsning p\u00e5 1,3 miljarder p\u00e5 Sveriges rymdf\u00f6rm\u00e5ga med ett tiotal milit\u00e4ra satelliter som bland annat kommer att \u00f6ka effektiviteten i v\u00e5ra obemannade system och kryssningsrobotar.<\/p>\n<p>Avslutningsvis,\u00a0<\/p>\n<p>Till det v\u00e4xande hotet fr\u00e5n Ryssland l\u00e4gger vi nu ocks\u00e5 en \u00f6kad amerikansk of\u00f6ruts\u00e4gbarhet.\u00a0En uppenbar slutsats \u00e4r att Europa m\u00e5ste ta st\u00f6rre ansvar f\u00f6r v\u00e5r egen och Ukrainas s\u00e4kerhet. D\u00e4rf\u00f6r har regeringen avsatt 80 miljarder kr under de kommande tv\u00e5 \u00e5ren f\u00f6r Ukrainast\u00f6det.\u00a0<\/p>\n<p>St\u00f6det st\u00e4rker ocks\u00e5 svensk f\u00f6rm\u00e5ga. Genom st\u00f6det bygger vi upp en starkare produktionsf\u00f6rm\u00e5ga f\u00f6r t.ex. ammunition, skyddsmasker och dr\u00f6nartillverkning.\u00a0Och samtidigt l\u00e4r vi oss mycket, inte minst n\u00e4r det kommer till snabb utbildning och f\u00f6rbandss\u00e4ttning. Allt det vi g\u00f6r i det milit\u00e4ra st\u00f6det f\u00f6r Ukraina &#8211; det g\u00f6r vi p\u00e5 veckor och m\u00e5nader, i st\u00e4llet f\u00f6r p\u00e5 \u00e5r och \u00e5rtionden som ofta varit fallet h\u00e4r hemma.\u00a0<\/p>\n<p>S\u00e5 l\u00e5t oss alla inspireras av det enormt uppskattade och effektiva st\u00f6d som F\u00f6rsvarsmakten, FMV och FOI l\u00e4mnat till Ukraina.\u00a0Och l\u00e5t oss \u00e4ven ta med oss l\u00e4rdomarna av hur en snabbare f\u00f6rsvarsuppbyggnad kan g\u00e5 till.<\/p>\n<p>F\u00f6r vi m\u00e5ste helt enkelt snabbare och effektivare oms\u00e4tta pengar och beslut i reell och handfast f\u00f6rsvarsf\u00f6rm\u00e5ga ocks\u00e5 h\u00e4r hemma.\u00a0<\/p>\n<p>I orostider \u00e4r det som bekant fara i dr\u00f6jsm\u00e5l.\u00a0<\/p>\n<p>Tack f\u00f6r er uppm\u00e4rksamhet!\u00a0<\/p>\n","protected":false},"excerpt":{"rendered":"Ers majest\u00e4t\u00a0 Ers kungliga h\u00f6ghet Mina damer och herrar Omv\u00e4rldsl\u00e4get \u00e4r \u00e4nnu mer allvarligt och hotfullt \u00e4n n\u00e4r&hellip;\n","protected":false},"author":2,"featured_media":67452,"comment_status":"","ping_status":"","sticky":false,"template":"","format":"standard","meta":{"footnotes":""},"categories":[5],"tags":[22,23,26,27,17,21,24,25,28,29,15,16,18,34,31,33,32,30,19,20],"class_list":{"0":"post-133321","1":"post","2":"type-post","3":"status-publish","4":"format-standard","5":"has-post-thumbnail","7":"category-rubriker","8":"tag-breaking-news","9":"tag-breakingnews","10":"tag-featured-news","11":"tag-featurednews","12":"tag-headlines","13":"tag-huvudnyheter","14":"tag-latest-news","15":"tag-latestnews","16":"tag-main-news","17":"tag-mainnews","18":"tag-news","19":"tag-nyheter","20":"tag-rubriker","21":"tag-se","22":"tag-svenska","23":"tag-sverige","24":"tag-sweden","25":"tag-swedish","26":"tag-top-stories","27":"tag-topstories"},"share_on_mastodon":{"url":"https:\/\/pubeurope.com\/@se\/115882438318894091","error":""},"_links":{"self":[{"href":"https:\/\/www.europesays.com\/se\/wp-json\/wp\/v2\/posts\/133321","targetHints":{"allow":["GET"]}}],"collection":[{"href":"https:\/\/www.europesays.com\/se\/wp-json\/wp\/v2\/posts"}],"about":[{"href":"https:\/\/www.europesays.com\/se\/wp-json\/wp\/v2\/types\/post"}],"author":[{"embeddable":true,"href":"https:\/\/www.europesays.com\/se\/wp-json\/wp\/v2\/users\/2"}],"replies":[{"embeddable":true,"href":"https:\/\/www.europesays.com\/se\/wp-json\/wp\/v2\/comments?post=133321"}],"version-history":[{"count":0,"href":"https:\/\/www.europesays.com\/se\/wp-json\/wp\/v2\/posts\/133321\/revisions"}],"wp:featuredmedia":[{"embeddable":true,"href":"https:\/\/www.europesays.com\/se\/wp-json\/wp\/v2\/media\/67452"}],"wp:attachment":[{"href":"https:\/\/www.europesays.com\/se\/wp-json\/wp\/v2\/media?parent=133321"}],"wp:term":[{"taxonomy":"category","embeddable":true,"href":"https:\/\/www.europesays.com\/se\/wp-json\/wp\/v2\/categories?post=133321"},{"taxonomy":"post_tag","embeddable":true,"href":"https:\/\/www.europesays.com\/se\/wp-json\/wp\/v2\/tags?post=133321"}],"curies":[{"name":"wp","href":"https:\/\/api.w.org\/{rel}","templated":true}]}}