{"id":133326,"date":"2026-01-12T13:50:11","date_gmt":"2026-01-12T13:50:11","guid":{"rendered":"https:\/\/www.europesays.com\/se\/133326\/"},"modified":"2026-01-12T13:50:11","modified_gmt":"2026-01-12T13:50:11","slug":"microsoft-nekar-till-att-office-varumarket-lagts-ner","status":"publish","type":"post","link":"https:\/\/www.europesays.com\/se\/133326\/","title":{"rendered":"Microsoft nekar till att Office-varum\u00e4rket lagts ner"},"content":{"rendered":"<p>Microsoft nekar till att Office-varum\u00e4rket lagts ner och f\u00f6rklarar att det bara handlar om en namn\u00e4ndring av en app, inte hela produktsviten, rapporterar <a href=\"https:\/\/idg.digidip.net\/visit?url=https:\/\/www.windowslatest.com\/2026\/01\/10\/microsoft-denies-killing-office-brand-in-favour-of-microsoft-365-copilot-says-it-renamed-office-hub-to-ms-365-later-to-ms-365-copilot\/&amp;currurl=https:\/\/www.pcforalla.se\/article\/3029511\/microsoft-nekar-till-att-office-varumarket-lagts-ner.html&amp;ref=8-1-3029511-1-0-0-0-0\" rel=\"nofollow noopener\" data-subtag=\"8-1-3029511-1-0-0-0-0\" data-domain-name=\"windowslatest\" target=\"_blank\">Windows Latest<\/a>. Uttalandet kommer efter flera virala inl\u00e4gg p\u00e5 X som p\u00e5stod att Microsoft helt ersatt Office med Copilot.<\/p>\n<p>Enligt Microsoft \u00e4r det endast Office-hubben (som samlar Word, Excel, Powerpoint, med mera) som bytt namn flera g\u00e5nger. Fr\u00e5n Office till Microsofts 365 och nu senast, till Microsoft 365 Copilot.<\/p>\n<p>Office-sviten som helhet har d\u00e4remot allts\u00e5 inte bytt namn till \u201cMicrosoft 365 Copilot\u201d. Varum\u00e4rket Office finns fortfarande kvar inom Microsoft 365-ekosystemet. Exempelvis i Office 2021 LTSC och i namnen p\u00e5 apparna Word, Excel och PowerPoint.<\/p>\n","protected":false},"excerpt":{"rendered":"Microsoft nekar till att Office-varum\u00e4rket lagts ner och f\u00f6rklarar att det bara handlar om en namn\u00e4ndring av en&hellip;\n","protected":false},"author":2,"featured_media":133327,"comment_status":"","ping_status":"","sticky":false,"template":"","format":"standard","meta":{"footnotes":""},"categories":[66],"tags":[80,78,79,34,31,33,32,30,81,84,83,82],"class_list":{"0":"post-133326","1":"post","2":"type-post","3":"status-publish","4":"format-standard","5":"has-post-thumbnail","7":"category-vetenskap-och-teknik","8":"tag-science","9":"tag-science-and-technology","10":"tag-scienceandtechnology","11":"tag-se","12":"tag-svenska","13":"tag-sverige","14":"tag-sweden","15":"tag-swedish","16":"tag-technology","17":"tag-teknik","18":"tag-vetenskap","19":"tag-vetenskapteknik"},"share_on_mastodon":{"url":"https:\/\/pubeurope.com\/@se\/115882454136969950","error":""},"_links":{"self":[{"href":"https:\/\/www.europesays.com\/se\/wp-json\/wp\/v2\/posts\/133326","targetHints":{"allow":["GET"]}}],"collection":[{"href":"https:\/\/www.europesays.com\/se\/wp-json\/wp\/v2\/posts"}],"about":[{"href":"https:\/\/www.europesays.com\/se\/wp-json\/wp\/v2\/types\/post"}],"author":[{"embeddable":true,"href":"https:\/\/www.europesays.com\/se\/wp-json\/wp\/v2\/users\/2"}],"replies":[{"embeddable":true,"href":"https:\/\/www.europesays.com\/se\/wp-json\/wp\/v2\/comments?post=133326"}],"version-history":[{"count":0,"href":"https:\/\/www.europesays.com\/se\/wp-json\/wp\/v2\/posts\/133326\/revisions"}],"wp:featuredmedia":[{"embeddable":true,"href":"https:\/\/www.europesays.com\/se\/wp-json\/wp\/v2\/media\/133327"}],"wp:attachment":[{"href":"https:\/\/www.europesays.com\/se\/wp-json\/wp\/v2\/media?parent=133326"}],"wp:term":[{"taxonomy":"category","embeddable":true,"href":"https:\/\/www.europesays.com\/se\/wp-json\/wp\/v2\/categories?post=133326"},{"taxonomy":"post_tag","embeddable":true,"href":"https:\/\/www.europesays.com\/se\/wp-json\/wp\/v2\/tags?post=133326"}],"curies":[{"name":"wp","href":"https:\/\/api.w.org\/{rel}","templated":true}]}}