{"id":133332,"date":"2026-01-12T13:54:07","date_gmt":"2026-01-12T13:54:07","guid":{"rendered":"https:\/\/www.europesays.com\/se\/133332\/"},"modified":"2026-01-12T13:54:07","modified_gmt":"2026-01-12T13:54:07","slug":"sju-atalas-efter-allvarliga-hot-mot-tjansteman-och-fortroendevalda","status":"publish","type":"post","link":"https:\/\/www.europesays.com\/se\/133332\/","title":{"rendered":"Sju \u00e5talas efter allvarliga hot mot tj\u00e4nstem\u00e4n och f\u00f6rtroendevalda"},"content":{"rendered":"<p class=\"preamble\">&#13;<br \/>\n            \u00c5klagare har i dag 12 januari v\u00e4ckt \u00e5tal mot totalt sju personer, fem m\u00e4n och tv\u00e5 kvinnor, f\u00f6r en rad grova brott mot bland andra tj\u00e4nstem\u00e4n och f\u00f6rtroendevalda i Stockholms l\u00e4n mellan mars och juni 2025. &#13;\n        <\/p>\n<p>En man i 40-\u00e5rs\u00e5ldern \u00e5talas f\u00f6r samtliga brott. Fem av de \u00e5talade, fyra m\u00e4n och en kvinna, \u00e5talas f\u00f6r att den 3 mars ha f\u00f6rt bort och undanh\u00e5llit tre jourhemsplacerade barn under femton \u00e5r fr\u00e5n sitt familjehem. Undanh\u00e5llandet p\u00e5gick fram till den 17 april.\u00a0<\/p>\n<p>Den misst\u00e4nkta huvudmannen \u00e4r h\u00e4ktad i sin utevaro och befinner sig i ett land som inte har utl\u00e4mningsavtal med Sverige.<br \/>\u2013 Brotten har i huvudsak riktats mot tj\u00e4nstem\u00e4n inom socialtj\u00e4nsten och f\u00f6rtroendevalda kommunpolitiker i syfte att p\u00e5verka deras beslutsfattande. Brottsligheten \u00e4r av systemhotande karakt\u00e4r och mycket allvarlig, s\u00e4ger senior \u00e5klagare Sara Norling.<\/p>\n<p>Utredningen har bedrivits av lokalpolisomr\u00e5de Huddinge och J\u00e4rf\u00e4lla samt sektioner inom polisregion Stockholm, under ledning av \u00e5klagare fr\u00e5n City \u00e5klagarkammare. Dessutom har polis och aktuell kommun en n\u00e4ra samverkan med dessa \u00e4renden.\u00a0<\/p>\n<p>Demokratihotande brottslighet<\/p>\n<p>\u2013 \u00c4rendet har varit en utmaning i flera delar. \u00c4rendena har 40 m\u00e5ls\u00e4gande som utsatts f\u00f6r en brottslighet som \u00e4r demokratihotande. Genom utredningen har det tydligt framkommit att hotakt\u00f6rens intentioner har varit att p\u00e5verka v\u00e5rt samh\u00e4lles grundl\u00e4ggande v\u00e4rderingar, s\u00e4ger Johan Allard, polisens \u00e4rendeansvarige.<\/p>\n<p>\u00c5talet omfattar egenm\u00e4ktighet med barn, grovt brott, grovt \u00f6vergrepp i r\u00e4ttssak, grova hot mot tj\u00e4nsteman, st\u00e4mpling till grovt hot mot tj\u00e4nsteman, grova mordbr\u00e4nder och grov skadeg\u00f6relse.\u00a0<\/p>\n<p>Polis och \u00e5klagare arbetar vidare med proaktiva \u00e5tg\u00e4rder f\u00f6r att avbryta huvudg\u00e4rningsmannens fortsatta brottslighet. \u00a0<\/p>\n<p>Huvudf\u00f6rhandlingen startar den 23 januari och \u00e4r planerad att p\u00e5g\u00e5 under 11 dagar.<\/p>\n<p>                <strong>&#13;<br \/>\n                    Nyhet fr\u00e5n&#13;<br \/>\n                <\/strong><\/p>\n<p>&#13;<br \/>\n                    Polisen Stockholm l\u00e4n&#13;\n                <\/p>\n<p>&#13;<br \/>\n                    <strong>&#13;<br \/>\n                        Publicerad&#13;<br \/>\n                    <\/strong>&#13;<br \/>\n                    &#13;<br \/>\n                        12 januari 2026 14.27&#13;<br \/>\n                    &#13;<br \/>\n                    <br \/>&#13;\n            <\/p>\n<p>        &#13;<br \/>\n    &#13;<br \/>\n    &#13;<\/p>\n","protected":false},"excerpt":{"rendered":"&#13; \u00c5klagare har i dag 12 januari v\u00e4ckt \u00e5tal mot totalt sju personer, fem m\u00e4n och tv\u00e5 kvinnor,&hellip;\n","protected":false},"author":2,"featured_media":54,"comment_status":"","ping_status":"","sticky":false,"template":"","format":"standard","meta":{"footnotes":""},"categories":[5],"tags":[22,23,26,27,17,21,24,25,28,29,15,16,18,34,31,33,32,30,19,20],"class_list":{"0":"post-133332","1":"post","2":"type-post","3":"status-publish","4":"format-standard","5":"has-post-thumbnail","7":"category-rubriker","8":"tag-breaking-news","9":"tag-breakingnews","10":"tag-featured-news","11":"tag-featurednews","12":"tag-headlines","13":"tag-huvudnyheter","14":"tag-latest-news","15":"tag-latestnews","16":"tag-main-news","17":"tag-mainnews","18":"tag-news","19":"tag-nyheter","20":"tag-rubriker","21":"tag-se","22":"tag-svenska","23":"tag-sverige","24":"tag-sweden","25":"tag-swedish","26":"tag-top-stories","27":"tag-topstories"},"share_on_mastodon":{"url":"https:\/\/pubeurope.com\/@se\/115882469778724797","error":""},"_links":{"self":[{"href":"https:\/\/www.europesays.com\/se\/wp-json\/wp\/v2\/posts\/133332","targetHints":{"allow":["GET"]}}],"collection":[{"href":"https:\/\/www.europesays.com\/se\/wp-json\/wp\/v2\/posts"}],"about":[{"href":"https:\/\/www.europesays.com\/se\/wp-json\/wp\/v2\/types\/post"}],"author":[{"embeddable":true,"href":"https:\/\/www.europesays.com\/se\/wp-json\/wp\/v2\/users\/2"}],"replies":[{"embeddable":true,"href":"https:\/\/www.europesays.com\/se\/wp-json\/wp\/v2\/comments?post=133332"}],"version-history":[{"count":0,"href":"https:\/\/www.europesays.com\/se\/wp-json\/wp\/v2\/posts\/133332\/revisions"}],"wp:featuredmedia":[{"embeddable":true,"href":"https:\/\/www.europesays.com\/se\/wp-json\/wp\/v2\/media\/54"}],"wp:attachment":[{"href":"https:\/\/www.europesays.com\/se\/wp-json\/wp\/v2\/media?parent=133332"}],"wp:term":[{"taxonomy":"category","embeddable":true,"href":"https:\/\/www.europesays.com\/se\/wp-json\/wp\/v2\/categories?post=133332"},{"taxonomy":"post_tag","embeddable":true,"href":"https:\/\/www.europesays.com\/se\/wp-json\/wp\/v2\/tags?post=133332"}],"curies":[{"name":"wp","href":"https:\/\/api.w.org\/{rel}","templated":true}]}}