{"id":133346,"date":"2026-01-12T14:09:07","date_gmt":"2026-01-12T14:09:07","guid":{"rendered":"https:\/\/www.europesays.com\/se\/133346\/"},"modified":"2026-01-12T14:09:07","modified_gmt":"2026-01-12T14:09:07","slug":"facken-demonstrerar-mot-13-aringar-i-fangelse-lyssna","status":"publish","type":"post","link":"https:\/\/www.europesays.com\/se\/133346\/","title":{"rendered":"Facken demonstrerar mot 13-\u00e5ringar i f\u00e4ngelse \u2013 &#8221;Lyssna!&#8221;"},"content":{"rendered":"<p>P\u00e5 tisdag klockan 13 h\u00e5ller n\u00e4tverket Nej till 13-\u00e5ringar i f\u00e4ngelse en demonstration  p\u00e5 Mynttorget i Stockholm. Britta Lejon \u00e4r ordf\u00f6rande f\u00f6r Fackf\u00f6rbundet ST som \u00e4r ett av flera fackf\u00f6rbund i n\u00e4tverket.<\/p>\n<p>Britta Lejon h<a href=\"https:\/\/www.arbetsvarlden.se\/debatt\/att-lasa-in-13-aringar-ar-symbolpolitik-inte-brottsbekampning\/\" rel=\"nofollow noopener\" target=\"_blank\">ar tidigare skrivit en debattartikel i Arbetsv\u00e4rlden om barn i f\u00e4ngelse<\/a>. D\u00e4r skriver hon bland annat att \u201datt l\u00e5sa in 13-\u00e5ringar \u00e4r symbolpolitik, inte brottsbek\u00e4mpning\u201d.<\/p>\n<p>Britta Lejon menar att m\u00e5nga unga som beg\u00e5r brott b\u00e5de \u00e4r f\u00f6r\u00f6vare av sj\u00e4lva brottet, men ocks\u00e5 brottsoffer.<\/p>\n<p>Viktigt med f\u00f6rebyggande \u00e5tg\u00e4rder<\/p>\n<p>\u2013 Det finns rimliga sk\u00e4l till att vi har 15 \u00e5r som straffbarhets\u00e5lder. Idag ser vi att allt fler barn beg\u00e5r brott och det \u00e4r ett misslyckande f\u00f6r samh\u00e4llet, men vi kan inte bara f\u00f6rs\u00f6ka l\u00f6sa det med straff och repressiva \u00e5tg\u00e4rder. Barnen som beg\u00e5r brotten har fastnat i g\u00e4ngens klor. Om vi inte f\u00f6rst\u00e5r att vi ocks\u00e5 m\u00e5ste anv\u00e4nda oss av f\u00f6rebyggande \u00e5tg\u00e4rder kommer vi inte att \u00e5stadkomma f\u00f6r\u00e4ndring. Ist\u00e4llet kommer vi att f\u00e5 se \u00e4nnu yngre barn beg\u00e5 brott, s\u00e4ger Britta Lejon.<\/p>\n<p>Fackf\u00f6rbundet ST avstyrkte i sitt remissvar i maj f\u00f6rra f\u00f6rslaget om att s\u00e4nka straff\u00e5ldern till 14 \u00e5r. Det gjorde \u00e4ven de flesta andra remissinstanser. ST har m\u00e5nga medlemmar som arbetar p\u00e5 f\u00e4ngelser och SIS-hem.<\/p>\n<p>Forskning som st\u00f6djer f\u00f6rslaget saknas<\/p>\n<p>Britta Lejon \u00e4r kritisk till att f\u00f6rslaget inte har f\u00f6reg\u00e5tts av utredningar i den m\u00e5n som kr\u00e4vs.<\/p>\n<p>\u00a0\u2013 Det finns inte heller n\u00e5gon v\u00e4lunderbygd forskning som visar att en s\u00e4nkt straffbarhets\u00e5lder skulle vara l\u00f6sningen p\u00e5 problemet med att allt fler barn beg\u00e5r alvarliga brott, s\u00e4ger hon.<\/p>\n<p>En annan problematik \u00e4r att kriminalv\u00e5rden idag inte \u00e4r rustad f\u00f6r att ta emot 13-\u00e5ringar.<\/p>\n<p>\u2013 Om man nu ska g\u00f6ra s\u00e5 h\u00e4r genomgripande f\u00f6r\u00e4ndringar m\u00e5ste man ha en kriminalv\u00e5rd som \u00e4r rustad f\u00f6r det h\u00e4r. Det har vi inte idag och kriminalv\u00e5rden har f\u00e5tt helt orimliga f\u00f6ruts\u00e4ttningar f\u00f6r att hinna rusta f\u00f6r den h\u00e4r f\u00f6r\u00e4ndringen. De lyckas inte ens hinna med allt de ska g\u00f6ra f\u00f6r vuxna idag, hur ska de d\u00e5 m\u00e4kta med att g\u00f6ra det f\u00f6r 13-\u00e5ringar?<\/p>\n<p>Driver kampanj i sociala medier<\/p>\n<p>Fackf\u00f6rbundet ST ser med stor oro p\u00e5 f\u00f6reslaget om att s\u00e4tta 13-\u00e5ringar i f\u00e4ngelse. Som en del i att f\u00e5 fler att inse problematiken med f\u00f6rslaget uppmuntrar f\u00f6rbundet till en kampanj i sociala medier.<\/p>\n<p>\u2013 Vi uppmanar de som deltar i v\u00e5r kampanj att l\u00e4gga upp bilder p\u00e5 sig sj\u00e4lva n\u00e4r de \u00e4r 13 \u00e5r. Bilderna visar det verkligen att det \u00e4r barn det handlar om n\u00e4r vi pratar om den \u00e5ldersgruppen, s\u00e4ger Britta Lejon.<\/p>\n<p>Vill \u00f6ka trycket p\u00e5 beslutsfattarna<\/p>\n<p>Britta Lejon hoppas att n\u00e4tverket ska s\u00e4tta press p\u00e5 beslutsfattarna.<\/p>\n<p>\u2013 Jag hoppas att det \u00f6kar trycket p\u00e5 beslutsfattarna och att de ska lyssna till kritiken. Vi hoppas naturligtvis att det inte ska bli s\u00e5 h\u00e4r utan att politikerna ist\u00e4llet ska satsa p\u00e5 f\u00f6rebyggande verksamheter och SIS. Det finns en utredning som tittar p\u00e5 det nu, s\u00e4ger Britta Lejon.<\/p>\n<p>H\u00e5rd belastning p\u00e5 ST:s medlemmar<\/p>\n<p>Fackf\u00f6rbundet ST hade en motion uppe p\u00e5 kongressen f\u00f6rra \u00e5ret som f\u00f6respr\u00e5kade att f\u00f6rbundet ska ge r\u00f6st \u00e5t de medlemmar som arbetar inom det r\u00e4ttspolitiska omr\u00e5det.<\/p>\n<p>\u2013 Jag \u00e4r stolt \u00f6ver att v\u00e5ra medlemmar inte tycker att det som g\u00f6rs idag \u00e4r tillr\u00e4ckligt. Vi \u00e4r v\u00e4ldigt oroliga \u00f6ver att det \u00e4r en s\u00e5dan h\u00e5rd belastning b\u00e5de p\u00e5 v\u00e5ra medlemmar som arbetar inom SIS och p\u00e5 de som jobbar p\u00e5 f\u00e4ngelser. Det \u00e4r redan idag sv\u00e5rt att uppr\u00e4tth\u00e5lla en s\u00e4ker arbetsmilj\u00f6 f\u00f6r v\u00e5ra medlemmar. Inte ens f\u00f6r vuxna kan vi idag bedriva den kriminalv\u00e5rd vi vill. Att i det l\u00e4get \u00f6ka belastningen ytterligare genom att s\u00e4tta 13-\u00e5ringar i f\u00e4ngelse blir v\u00e4ldigt sv\u00e5rt.<\/p>\n<p>Stort engagemang f\u00f6r fr\u00e5gan<\/p>\n<p>Britta Lejon har m\u00e4rkt att det \u00e4r m\u00e5nga som \u00e4r engagerade i fr\u00e5gan med f\u00f6rslaget om att det ska bli m\u00f6jligt att s\u00e4tta 13-\u00e5ringar i f\u00e4ngelse, och intresset f\u00f6r demonstrationen imorgon \u00e4r stort.<\/p>\n<p>F\u00f6rutom fackf\u00f6rbundet ST \u00e4r\u00a0Akademikerf\u00f6rbundet SSR, Bris, Barnr\u00e4ttsbyr\u00e5n, F\u00f6reningen Sveriges socialchefer, advokat Tomas Nilsson tidigare ordf\u00f6rande i Advokatsamfundet, Sture Nordh tidigare ordf\u00f6rande i TCO, advokat Anne Ramberg tidigare generalsekreterare i Advokatsamfundet, R\u00e4dda Barnen, Svenska Kyrkan Stockholms stift, Vision och Kerstin Olsson med i n\u00e4tverket. Det \u00e4r den tidigare TCO-medarbetaren Kerstin Olsson \u00e4r initiativtagare till n\u00e4tverket.<\/p>\n","protected":false},"excerpt":{"rendered":"P\u00e5 tisdag klockan 13 h\u00e5ller n\u00e4tverket Nej till 13-\u00e5ringar i f\u00e4ngelse en demonstration p\u00e5 Mynttorget i Stockholm. Britta&hellip;\n","protected":false},"author":2,"featured_media":133347,"comment_status":"","ping_status":"","sticky":false,"template":"","format":"standard","meta":{"footnotes":""},"categories":[12],"tags":[22,23,13550,13551,13552,26,27,17,21,13553,24,25,28,29,15,16,18,34,31,33,32,30,19,20],"class_list":{"0":"post-133346","1":"post","2":"type-post","3":"status-publish","4":"format-standard","5":"has-post-thumbnail","7":"category-sverige","8":"tag-breaking-news","9":"tag-breakingnews","10":"tag-britta-lejon","11":"tag-facket-st","12":"tag-fangelse","13":"tag-featured-news","14":"tag-featurednews","15":"tag-headlines","16":"tag-huvudnyheter","17":"tag-kriminalvard","18":"tag-latest-news","19":"tag-latestnews","20":"tag-main-news","21":"tag-mainnews","22":"tag-news","23":"tag-nyheter","24":"tag-rubriker","25":"tag-se","26":"tag-svenska","27":"tag-sverige","28":"tag-sweden","29":"tag-swedish","30":"tag-top-stories","31":"tag-topstories"},"share_on_mastodon":{"url":"https:\/\/pubeurope.com\/@se\/115882528867451571","error":""},"_links":{"self":[{"href":"https:\/\/www.europesays.com\/se\/wp-json\/wp\/v2\/posts\/133346","targetHints":{"allow":["GET"]}}],"collection":[{"href":"https:\/\/www.europesays.com\/se\/wp-json\/wp\/v2\/posts"}],"about":[{"href":"https:\/\/www.europesays.com\/se\/wp-json\/wp\/v2\/types\/post"}],"author":[{"embeddable":true,"href":"https:\/\/www.europesays.com\/se\/wp-json\/wp\/v2\/users\/2"}],"replies":[{"embeddable":true,"href":"https:\/\/www.europesays.com\/se\/wp-json\/wp\/v2\/comments?post=133346"}],"version-history":[{"count":0,"href":"https:\/\/www.europesays.com\/se\/wp-json\/wp\/v2\/posts\/133346\/revisions"}],"wp:featuredmedia":[{"embeddable":true,"href":"https:\/\/www.europesays.com\/se\/wp-json\/wp\/v2\/media\/133347"}],"wp:attachment":[{"href":"https:\/\/www.europesays.com\/se\/wp-json\/wp\/v2\/media?parent=133346"}],"wp:term":[{"taxonomy":"category","embeddable":true,"href":"https:\/\/www.europesays.com\/se\/wp-json\/wp\/v2\/categories?post=133346"},{"taxonomy":"post_tag","embeddable":true,"href":"https:\/\/www.europesays.com\/se\/wp-json\/wp\/v2\/tags?post=133346"}],"curies":[{"name":"wp","href":"https:\/\/api.w.org\/{rel}","templated":true}]}}