{"id":133354,"date":"2026-01-12T14:14:13","date_gmt":"2026-01-12T14:14:13","guid":{"rendered":"https:\/\/www.europesays.com\/se\/133354\/"},"modified":"2026-01-12T14:14:13","modified_gmt":"2026-01-12T14:14:13","slug":"kicks-slapper-reality-med-lisa-borg-tempo-drama-och-starka-personligheter","status":"publish","type":"post","link":"https:\/\/www.europesays.com\/se\/133354\/","title":{"rendered":"Kicks sl\u00e4pper reality med Lisa Borg &#8211; &#8221;tempo, drama och starka personligheter&#8221;"},"content":{"rendered":"<p>Under slutet av f\u00f6rra \u00e5ret lanserades konceptet \u201dSteal the Show\u201d, d\u00e4r m\u00e5let var att koppla ihop den upplevelse som bes\u00f6kare f\u00e5r p\u00e5 plats vid stora evenemang med den teknik som finns i deras fickor. I st\u00e4der som huserade de stora Melodifestivalstoppen aktiverades lokala butiker, och i de st\u00f6rsta anl\u00e4ggningarna, s\u00e5som Mall of Scandinavia och Emporia, skapades milj\u00f6er f\u00f6r att m\u00f6ta kunderna fysiskt.<\/p>\n<p>F\u00f6r att f\u00f6rst\u00e4rka den digitala kopplingen anv\u00e4ndes en lins p\u00e5 plattformen Snapchat, vilket l\u00e4t anv\u00e4ndarna interagera med varum\u00e4rket.<\/p>\n<p><strong>L\u00c4S \u00c4VEN: <a href=\"https:\/\/www.ehandel.se\/kicks-vill-vinna-festivalpubliken-snapchat-blir-nytt-vapen\" rel=\"nofollow noopener\" target=\"_blank\">Kicks vill vinna festivalpubliken &#8211; Snapchat blir nytt vapen<\/a><\/strong><\/p>\n<p>En social-first realityserie<\/p>\n<p>Arbetet med att binda samman olika kanaler forts\u00e4tter nu med premi\u00e4ren av den andra s\u00e4songen av t\u00e4vlingsprogrammet \u201dSveriges N\u00e4sta Makeup-stj\u00e4rna\u201d. Detta format \u00e4r producerat f\u00f6r att visas direkt p\u00e5 plattformarna Tiktok och Instagram, snarare \u00e4n via traditionella medier.<\/p>\n<blockquote>\n<p>I s\u00e4song 2 har vi h\u00f6jt den kreativa niv\u00e5n ytterligare och skapat ett format som \u00e4r helt anpassat f\u00f6r sociala plattformar &#8211; med tempo, drama och starka personligheter, s\u00e4ger Klara W\u00e4ngemar, Head of Editorial &amp; Social Media p\u00e5 Kicks.<\/p>\n<\/blockquote>\n<p>Serien best\u00e5r av sex avsnitt och fungerar som navet i ett inneh\u00e5llssystem som \u00e4ven inkluderar instruktionsfilmer och material fr\u00e5n bakom kulisserna. Den som ska leda programmet \u00e4r influencern Lisa Borg.<\/p>\n<p>Strategin att \u00e4ga sitt eget inneh\u00e5ll och distribuera det direkt till m\u00e5lgruppen, det \u00e4r en forts\u00e4ttning p\u00e5 den riktning som p\u00e5b\u00f6rjades med de interaktiva satsningarna under vinterm\u00e5naderna.<\/p>\n","protected":false},"excerpt":{"rendered":"Under slutet av f\u00f6rra \u00e5ret lanserades konceptet \u201dSteal the Show\u201d, d\u00e4r m\u00e5let var att koppla ihop den upplevelse&hellip;\n","protected":false},"author":2,"featured_media":133355,"comment_status":"","ping_status":"","sticky":false,"template":"","format":"standard","meta":{"footnotes":""},"categories":[66],"tags":[11676,12561,80,78,79,34,636,31,33,32,30,81,84,13554,83,82],"class_list":{"0":"post-133354","1":"post","2":"type-post","3":"status-publish","4":"format-standard","5":"has-post-thumbnail","7":"category-vetenskap-och-teknik","8":"tag-kicks","9":"tag-reality","10":"tag-science","11":"tag-science-and-technology","12":"tag-scienceandtechnology","13":"tag-se","14":"tag-sociala-medier","15":"tag-svenska","16":"tag-sverige","17":"tag-sweden","18":"tag-swedish","19":"tag-technology","20":"tag-teknik","21":"tag-update-translation","22":"tag-vetenskap","23":"tag-vetenskapteknik"},"share_on_mastodon":{"url":"https:\/\/pubeurope.com\/@se\/115882548469654819","error":""},"_links":{"self":[{"href":"https:\/\/www.europesays.com\/se\/wp-json\/wp\/v2\/posts\/133354","targetHints":{"allow":["GET"]}}],"collection":[{"href":"https:\/\/www.europesays.com\/se\/wp-json\/wp\/v2\/posts"}],"about":[{"href":"https:\/\/www.europesays.com\/se\/wp-json\/wp\/v2\/types\/post"}],"author":[{"embeddable":true,"href":"https:\/\/www.europesays.com\/se\/wp-json\/wp\/v2\/users\/2"}],"replies":[{"embeddable":true,"href":"https:\/\/www.europesays.com\/se\/wp-json\/wp\/v2\/comments?post=133354"}],"version-history":[{"count":0,"href":"https:\/\/www.europesays.com\/se\/wp-json\/wp\/v2\/posts\/133354\/revisions"}],"wp:featuredmedia":[{"embeddable":true,"href":"https:\/\/www.europesays.com\/se\/wp-json\/wp\/v2\/media\/133355"}],"wp:attachment":[{"href":"https:\/\/www.europesays.com\/se\/wp-json\/wp\/v2\/media?parent=133354"}],"wp:term":[{"taxonomy":"category","embeddable":true,"href":"https:\/\/www.europesays.com\/se\/wp-json\/wp\/v2\/categories?post=133354"},{"taxonomy":"post_tag","embeddable":true,"href":"https:\/\/www.europesays.com\/se\/wp-json\/wp\/v2\/tags?post=133354"}],"curies":[{"name":"wp","href":"https:\/\/api.w.org\/{rel}","templated":true}]}}