{"id":133359,"date":"2026-01-12T14:17:09","date_gmt":"2026-01-12T14:17:09","guid":{"rendered":"https:\/\/www.europesays.com\/se\/133359\/"},"modified":"2026-01-12T14:17:09","modified_gmt":"2026-01-12T14:17:09","slug":"sju-atalas-for-grova-brott-mot-tjansteman-och-politiker-i-stockholms-lan","status":"publish","type":"post","link":"https:\/\/www.europesays.com\/se\/133359\/","title":{"rendered":"Sju \u00e5talas f\u00f6r grova brott mot tj\u00e4nstem\u00e4n och politiker i Stockholms l\u00e4n"},"content":{"rendered":"<p>\u00c5klagarmyndigheten meddelar p\u00e5 m\u00e5ndagen att man har v\u00e4ckt \u00e5tal mot totalt sju personer f\u00f6r en rad grova brott. <\/p>\n<p>D\u00e4ribland egenm\u00e4ktighet med barn, grovt brott, grovt \u00f6vergrepp i r\u00e4ttssak, grova hot mot tj\u00e4nsteman, st\u00e4mpling till grovt hot mot tj\u00e4nsteman, grova mordbr\u00e4nder och grov skadeg\u00f6relse.<\/p>\n<p>Bland de \u00e5talade \u00e4r fem m\u00e4n och tv\u00e5 kvinnor. En man i 40-\u00e5rs\u00e5ldern \u00e5talas f\u00f6r samtliga brott. <\/p>\n<p>F\u00f6rde bort barn<\/p>\n<p>Fyra m\u00e4n och en kvinna \u00e5talas f\u00f6r att ha f\u00f6rt bort och undanh\u00e5llit tre jourhemsplacerade barn under femton \u00e5r fr\u00e5n sitt familjehem, i mars 2025. <\/p>\n<p>\u2013 Brotten har i huvudsak riktats mot tj\u00e4nstem\u00e4n inom socialtj\u00e4nsten och f\u00f6rtroendevalda kommunpolitiker i syfte att p\u00e5verka deras beslutsfattande. Brottsligheten \u00e4r av systemhotande karakt\u00e4r och mycket allvarlig, s\u00e4ger senior \u00e5klagare Sara Norling i ett pressmeddelande.<\/p>\n<p>Totalt 40 m\u00e5ls\u00e4gande<\/p>\n<p>Johan Allard, polisens \u00e4rendeansvarige, s\u00e4ger att totalt 40 personer har utsatts f\u00f6r brottslighet.<\/p>\n<p>\u2013 Genom utredningen har det tydligt framkommit att hotakt\u00f6rens intentioner har varit att p\u00e5verka v\u00e5rt samh\u00e4lles grundl\u00e4ggande v\u00e4rderingar, s\u00e4ger Johan Allard, polisens \u00e4rendeansvarige, s\u00e4ger han i ett pressmeddelande. <\/p>\n<p>Den misst\u00e4nkta huvudmannen \u00e4r h\u00e4ktad i sin utevaro.<\/p>\n","protected":false},"excerpt":{"rendered":"\u00c5klagarmyndigheten meddelar p\u00e5 m\u00e5ndagen att man har v\u00e4ckt \u00e5tal mot totalt sju personer f\u00f6r en rad grova brott.&hellip;\n","protected":false},"author":2,"featured_media":793,"comment_status":"","ping_status":"","sticky":false,"template":"","format":"standard","meta":{"footnotes":""},"categories":[12],"tags":[22,23,26,27,17,21,24,25,28,29,15,16,18,34,31,33,32,30,19,20],"class_list":{"0":"post-133359","1":"post","2":"type-post","3":"status-publish","4":"format-standard","5":"has-post-thumbnail","7":"category-sverige","8":"tag-breaking-news","9":"tag-breakingnews","10":"tag-featured-news","11":"tag-featurednews","12":"tag-headlines","13":"tag-huvudnyheter","14":"tag-latest-news","15":"tag-latestnews","16":"tag-main-news","17":"tag-mainnews","18":"tag-news","19":"tag-nyheter","20":"tag-rubriker","21":"tag-se","22":"tag-svenska","23":"tag-sverige","24":"tag-sweden","25":"tag-swedish","26":"tag-top-stories","27":"tag-topstories"},"share_on_mastodon":{"url":"https:\/\/pubeurope.com\/@se\/115882560353841240","error":""},"_links":{"self":[{"href":"https:\/\/www.europesays.com\/se\/wp-json\/wp\/v2\/posts\/133359","targetHints":{"allow":["GET"]}}],"collection":[{"href":"https:\/\/www.europesays.com\/se\/wp-json\/wp\/v2\/posts"}],"about":[{"href":"https:\/\/www.europesays.com\/se\/wp-json\/wp\/v2\/types\/post"}],"author":[{"embeddable":true,"href":"https:\/\/www.europesays.com\/se\/wp-json\/wp\/v2\/users\/2"}],"replies":[{"embeddable":true,"href":"https:\/\/www.europesays.com\/se\/wp-json\/wp\/v2\/comments?post=133359"}],"version-history":[{"count":0,"href":"https:\/\/www.europesays.com\/se\/wp-json\/wp\/v2\/posts\/133359\/revisions"}],"wp:featuredmedia":[{"embeddable":true,"href":"https:\/\/www.europesays.com\/se\/wp-json\/wp\/v2\/media\/793"}],"wp:attachment":[{"href":"https:\/\/www.europesays.com\/se\/wp-json\/wp\/v2\/media?parent=133359"}],"wp:term":[{"taxonomy":"category","embeddable":true,"href":"https:\/\/www.europesays.com\/se\/wp-json\/wp\/v2\/categories?post=133359"},{"taxonomy":"post_tag","embeddable":true,"href":"https:\/\/www.europesays.com\/se\/wp-json\/wp\/v2\/tags?post=133359"}],"curies":[{"name":"wp","href":"https:\/\/api.w.org\/{rel}","templated":true}]}}