{"id":133362,"date":"2026-01-12T14:19:07","date_gmt":"2026-01-12T14:19:07","guid":{"rendered":"https:\/\/www.europesays.com\/se\/133362\/"},"modified":"2026-01-12T14:19:07","modified_gmt":"2026-01-12T14:19:07","slug":"missforstadda-matvaror-fem-livsmedel-som-ar-nyttigare-an-sitt-rykte","status":"publish","type":"post","link":"https:\/\/www.europesays.com\/se\/133362\/","title":{"rendered":"Missf\u00f6rst\u00e5dda matvaror \u2013 fem livsmedel som \u00e4r nyttigare \u00e4n sitt rykte"},"content":{"rendered":"<p>Fettet som inte \u00e4r boven<\/p>\n<p>Sm\u00f6r f\u00f6rknippas ofta med h\u00f6gt kolesterol och viktuppg\u00e5ng. <\/p>\n<p>Det st\u00e4mmer att sm\u00f6r \u00e4r energirikt men alla m\u00e4ttade fetter p\u00e5verkar inte kroppen p\u00e5 samma s\u00e4tt. Vissa fettsyror har begr\u00e4nsad effekt p\u00e5 kolesterolniv\u00e5erna.<\/p>\n<p>Sm\u00f6r \u00e4r dessutom en av f\u00e5 naturliga k\u00e4llor till vitamin D som \u00e4r viktigt f\u00f6r b\u00e5de skelett och immunf\u00f6rsvar.<\/p>\n<p>\u00c4ggets revansch<\/p>\n<p>\u00c4gg har l\u00e4nge kallats kolesterolbomber. <\/p>\n<p>I dag vet man att kolesterol fr\u00e5n maten har mindre p\u00e5verkan p\u00e5 blodfetterna \u00e4n tidigare trott. \u00c4gg inneh\u00e5ller h\u00f6gkvalitativt protein och kolin som \u00e4r viktigt f\u00f6r hj\u00e4rnans funktion.<\/p>\n<p>Det \u00e4r oftare starkt processade livsmedel som bidrar till negativa blodv\u00e4rden.<\/p>\n<p>Br\u00f6d utan skuldk\u00e4nslor<\/p>\n<p>Br\u00f6d har f\u00e5tt ett d\u00e5ligt rykte i takt med glutenkritiken. <\/p>\n<p>F\u00f6r friska personer finns dock inget vetenskapligt st\u00f6d f\u00f6r att undvika gluten.  Fullkornsbr\u00f6d bidrar med mineraler, fibrer och stabil energi.<\/p>\n<p>Skillnaden ligger i valet mellan fullkorn och raffinerade alternativ.<\/p>\n<p>Fett som m\u00e4ttar<\/p>\n<p>Avokado inneh\u00e5ller mycket fett men fr\u00e4mst om\u00e4ttade fettsyror som anses gynnsamma f\u00f6r hj\u00e4rtat. Forskning visar att dessa fetter kan \u00f6ka m\u00e4ttnadsk\u00e4nslan och bidra till b\u00e4ttre kostvanor \u00f6ver tid.<\/p>\n<p>Ett mer nyanserat perspektiv<\/p>\n<p>Att ett livsmedel inneh\u00e5ller fett eller kolhydrater g\u00f6r det inte automatiskt oh\u00e4lsosamt. <\/p>\n<p>M\u00e5nga produkter har f\u00e5tt ett of\u00f6rtj\u00e4nt d\u00e5ligt rykte trots att de kan tillf\u00f6ra viktiga n\u00e4rings\u00e4mnen. En varierad kost med m\u00e5tta och kvalitet i fokus \u00e4r fortfarande den mest h\u00e5llbara v\u00e4gen till god h\u00e4lsa.<\/p>\n<p><strong>Missa inte:<\/strong><\/p>\n<p><a href=\"https:\/\/www.e55.se\/halsa\/forskare-varnar-en-enda-cola-kan-forkorta-livet-med-flera-minuter\/\" rel=\"nofollow noopener\" target=\"_blank\">Forskare varnar: En enda cola kan f\u00f6rkorta livet med flera minuter \u2013 E55<\/a><\/p>\n<p><a href=\"https:\/\/www.e55.se\/halsa\/det-avgorande-symptomet-som-skiljer-covid-fran-influensa\/\" rel=\"nofollow noopener\" target=\"_blank\">Det avg\u00f6rande symptomet som skiljer covid fr\u00e5n influensa \u2013 E55<\/a><\/p>\n<p>L\u00e4s mer fr\u00e5n E55 &#8211; v\u00e5rt nyhetsbrev \u00e4r kostnadsfritt:Prenumerera<\/p>\n","protected":false},"excerpt":{"rendered":"Fettet som inte \u00e4r boven Sm\u00f6r f\u00f6rknippas ofta med h\u00f6gt kolesterol och viktuppg\u00e5ng. Det st\u00e4mmer att sm\u00f6r \u00e4r&hellip;\n","protected":false},"author":2,"featured_media":133363,"comment_status":"","ping_status":"","sticky":false,"template":"","format":"standard","meta":{"footnotes":""},"categories":[69],"tags":[595,113,112,1000,34,31,33,32,30],"class_list":{"0":"post-133362","1":"post","2":"type-post","3":"status-publish","4":"format-standard","5":"has-post-thumbnail","7":"category-halsa","8":"tag-mat","9":"tag-halsa","10":"tag-health","11":"tag-livsmedel","12":"tag-se","13":"tag-svenska","14":"tag-sverige","15":"tag-sweden","16":"tag-swedish"},"share_on_mastodon":{"url":"https:\/\/pubeurope.com\/@se\/115882568286542846","error":""},"_links":{"self":[{"href":"https:\/\/www.europesays.com\/se\/wp-json\/wp\/v2\/posts\/133362","targetHints":{"allow":["GET"]}}],"collection":[{"href":"https:\/\/www.europesays.com\/se\/wp-json\/wp\/v2\/posts"}],"about":[{"href":"https:\/\/www.europesays.com\/se\/wp-json\/wp\/v2\/types\/post"}],"author":[{"embeddable":true,"href":"https:\/\/www.europesays.com\/se\/wp-json\/wp\/v2\/users\/2"}],"replies":[{"embeddable":true,"href":"https:\/\/www.europesays.com\/se\/wp-json\/wp\/v2\/comments?post=133362"}],"version-history":[{"count":0,"href":"https:\/\/www.europesays.com\/se\/wp-json\/wp\/v2\/posts\/133362\/revisions"}],"wp:featuredmedia":[{"embeddable":true,"href":"https:\/\/www.europesays.com\/se\/wp-json\/wp\/v2\/media\/133363"}],"wp:attachment":[{"href":"https:\/\/www.europesays.com\/se\/wp-json\/wp\/v2\/media?parent=133362"}],"wp:term":[{"taxonomy":"category","embeddable":true,"href":"https:\/\/www.europesays.com\/se\/wp-json\/wp\/v2\/categories?post=133362"},{"taxonomy":"post_tag","embeddable":true,"href":"https:\/\/www.europesays.com\/se\/wp-json\/wp\/v2\/tags?post=133362"}],"curies":[{"name":"wp","href":"https:\/\/api.w.org\/{rel}","templated":true}]}}