{"id":133366,"date":"2026-01-12T14:21:10","date_gmt":"2026-01-12T14:21:10","guid":{"rendered":"https:\/\/www.europesays.com\/se\/133366\/"},"modified":"2026-01-12T14:21:10","modified_gmt":"2026-01-12T14:21:10","slug":"radioprofilen-sara-haddads-kritik-mot-rix-morronzoo","status":"publish","type":"post","link":"https:\/\/www.europesays.com\/se\/133366\/","title":{"rendered":"Radioprofilen Sara Haddads kritik mot \u201dRix Morronzoo\u201d."},"content":{"rendered":"<p>Publicerad 12 jan 2026 kl 14.52Uppdaterad kl 15.06<\/p>\n<p>Expressen avsl\u00f6jade brister i arbetsmilj\u00f6n p\u00e5 \u201dRix Morronzoo\u201d.\u00a0<\/p>\n<p>Nu tr\u00e4der den tidigare programledaren Sara Haddad, 28, fram och ber\u00e4ttar om sin tid p\u00e5 morgonshowen:<\/p>\n<p>\u201dMitt m\u00e5ende fick betala ett h\u00f6gt pris\u201d, skriver hon i ett inl\u00e4gg p\u00e5 Instagram.<\/p>\n<p><img   alt=\"\"\/><\/p>\n<p>Programledaren Sara Haddad.<\/p>\n<p>Foto: OLLE SPORRONG<\/p>\n<p>\u00d6ppna bild i helsk\u00e4rm<img loading=\"lazy\"   alt=\"\"\/><\/p>\n<p>Roger Nordin och Laila Bagge leder \u201dRix Morronzoo\u201d ihop.<\/p>\n<p>Foto: OLLE SPORRONG<\/p>\n<p>\u00d6ppna bild i helsk\u00e4rm<img loading=\"lazy\"   alt=\"\"\/><\/p>\n<p>Programledarduon i radiostudion.<\/p>\n<p>Foto: OLLE SPORRONG<\/p>\n<p>\u00d6ppna bild i helsk\u00e4rm<\/p>\n<p><a href=\"https:\/\/www.expressen.se\/noje\/rix-morronzoo-inifran-larm-om-maktspel-och-utfrysning\/\" rel=\"nofollow noopener\" target=\"_blank\">I Expressens tidigare granskning<\/a> vittnade elva personer med insyn i radioshowen \u201dRix Morronzoo\u201d om en osund arbetsmilj\u00f6.\u00a0<\/p>\n<p>Personer som har haft god insyn i programmet under flera \u00e5rs tid ber\u00e4ttade om maktspel, utfrysning och en tystnadskultur d\u00e4r f\u00e5 v\u00e5gade s\u00e4ga ifr\u00e5n.<\/p>\n<p>Flera pekade ut det prisbel\u00f6nta ankaret och den assisterande programchefen Roger Nordin som drivande i problemen. Samtidigt riktades h\u00e5rd kritik mot f\u00f6retagsledningen, som enligt uppgifter k\u00e4nt till problemen under l\u00e5ng tid utan att agera.<\/p>\n<p>\u2013 F\u00f6r cheferna g\u00e5r pengar och h\u00f6ga lyssnarsiffror f\u00f6re arbetsmilj\u00f6n, sa en av personerna som Expressen talade med.<\/p>\n<p><img loading=\"lazy\"   alt=\"\"\/><\/p>\n<p>Roger Nordin fick sitt stora genombrott n\u00e4r han blev en del av \u201dRix Morronzoo\u201d, d\u00e5 tillsammans med Titti Schultz och Gert Fylking.<\/p>\n<p>Foto: OLLE SPORRONG<\/p>\n<p>\u00d6ppna bild i helsk\u00e4rm<img loading=\"lazy\"   alt=\"\"\/><\/p>\n<p>Laila Bagge debuterade i tv som en av jurymedlemmarna i \u201dIdol\u201d och har sedan dess etablerat sig som b\u00e5de entrepren\u00f6r och radioprofil.<\/p>\n<p>Foto: OLLE SPORRONG<\/p>\n<p>\u00d6ppna bild i helsk\u00e4rm<\/p>\n<p><a href=\"https:\/\/www.expressen.se\/tagg\/organization\/viaplay\/\" class=\"\" rel=\"nofollow noopener\" target=\"_blank\">Viaplay<\/a> marknadsf\u00f6r sj\u00e4lva \u201dRix Morronzoo\u201d som \u201dSveriges st\u00f6rsta morgonshow\u201d.\u00a0<\/p>\n<p>Sedan \u00f6ver \u00e5tta \u00e5r tillbaka leds programmet av radarparet Laila Bagge och Roger Nordin, tillsammans med ett mindre team av producenter, assistenter och redakt\u00f6rer.<\/p>\n<p>Nu tr\u00e4der f\u00f6r f\u00f6rsta g\u00e5ngen en tidigare medarbetare fram och ber\u00e4ttar om sin tid p\u00e5 kanalen.\u00a0<\/p>\n<p><a href=\"https:\/\/www.instagram.com\/p\/DTaXWjYjRvr\/?img_index=1?hidecaption=true\" data-provider=\"instagram\" class=\"js-social-embed\" rel=\"nofollow noopener\" target=\"_blank\">https:\/\/www.instagram.com\/p\/DTaXWjYjRvr\/?img_index=1?hidecaption=true<\/a><\/p>\n<p>I slutet av f\u00f6rra \u00e5ret tvingades Sara Haddad sluta som programledare och programkoordinator efter \u00f6ver 2,5 \u00e5r p\u00e5 Viaplay.<\/p>\n<p>\u201dEra fr\u00e5getecken kring min fr\u00e5nvaro i radio har inte avtagit med tiden och era starka reaktioner g\u00f6r att jag inte l\u00e4ngre kan undvika det faktum att ni f\u00f6rtj\u00e4nar ett svar och tydlighet som kommer fr\u00e5n mig\u201d, skriver hon i ett inl\u00e4gg p\u00e5 Instagram.<\/p>\n<p>\u201dJag l\u00e4mnar min roll som programledare med sorg men \u00e4r samtidigt l\u00e4ttad\u201d, forts\u00e4tter hon.<\/p>\n<p>I inl\u00e4gget g\u00e5r Sara Haddad in p\u00e5 sin egen upplevelse av arbetsmilj\u00f6n p\u00e5 \u201dRix Morronzoo\u201d.<\/p>\n<p>\u201dF\u00f6r mig var det en milj\u00f6 som inte var h\u00e5llbar och mitt m\u00e5ende fick betala ett h\u00f6gt pris. En milj\u00f6 d\u00e4r handlingar inte leder till konsekvenser \u00e4r inte en sund plats f\u00f6r n\u00e5gon\u201d.\u00a0<\/p>\n<p><img loading=\"lazy\"   alt=\"\"\/><\/p>\n<p>Sara Haddad har jobbat p\u00e5 Viaplay i \u00f6ver 2,5 \u00e5r.<\/p>\n<p>Foto: OLLE SPORRONG<\/p>\n<p>\u00d6ppna bild i helsk\u00e4rm<img loading=\"lazy\"   alt=\"\"\/><\/p>\n<p>\u201dRix Morronzoo\u201d-g\u00e4nget 2024.<\/p>\n<p>Foto: OLLE SPORRONG<\/p>\n<p>\u00d6ppna bild i helsk\u00e4rm<\/p>\n<p>Hon ber\u00e4ttar ocks\u00e5 varf\u00f6r hon valt tystnad \u2013 fram till nu.<\/p>\n<p>\u201dMin tystnad var aldrig ett val, utan en \u00f6verlevnadsstrategi. Jag valde den v\u00e4gen f\u00f6r att skydda min framtid, men f\u00f6rlorade mig sj\u00e4lv p\u00e5 v\u00e4gen\u201d.<\/p>\n<p><img loading=\"lazy\"   alt=\"\"\/><\/p>\n<p>Viaplay marknadsf\u00f6r \u201dRix Morronzoo\u201d som Sveriges st\u00f6rsta morgonshow.<\/p>\n<p>Foto: OLLE SPORRONG<\/p>\n<p>\u00d6ppna bild i helsk\u00e4rm<\/p>\n<p><a href=\"https:\/\/www.expressen.se\/noje\/rix-morronzoo-inifran-larm-om-maktspel-och-utfrysning\/\" rel=\"nofollow noopener\" target=\"_blank\">Expressens granskning f\u00f6rra \u00e5ret av arbetsmilj\u00f6n<\/a> v\u00e4ckte starka reaktioner internt.\u00a0<\/p>\n<p>Det tillsattes en intern utredning och h\u00f6lls storm\u00f6ten p\u00e5 redaktionen f\u00f6r hela Viaplay radio \u2013 d\u00e4r radiokanaler som Rix FM, Lugna favoriter och Bandit ing\u00e5r.\u00a0<\/p>\n<p>D\u00e4r satte<a href=\"https:\/\/www.expressen.se\/noje\/krismote-pa-viaplay--efter-expressens-granskning\/\" rel=\"nofollow noopener\" target=\"_blank\"> flera radioprofiler press p\u00e5 ledningen. <\/a>\u00a0\u00a0<\/p>\n<p>\u201dVara \u00e4rlig\u201d<\/p>\n<p>N\u00e4r Expressen n\u00e5r Sara Haddad vill hon inte ge n\u00e5gra ytterligare kommentarer ut\u00f6ver sitt inl\u00e4gg.<\/p>\n<p>Men p\u00e5 fr\u00e5gan om varf\u00f6r hon inte tidigare kommenterat arbetsmilj\u00f6n svarar hon:<\/p>\n<p>\u2013 Mitt syfte \u00e4r bara att vara \u00e4rlig och ge ett svar till alla lyssnare som har h\u00f6rt av sig och fr\u00e5gat varf\u00f6r jag inte \u00e4r kvar.\u00a0<\/p>\n<p>Expressen har varit i kontakt med Susanne Nyl\u00e9n, presschef p\u00e5 Viaplay som \u00e4ger Rix FM. Hon h\u00e4nvisar till att de aldrig uttalar sig i personal\u00e4renden.<\/p>\n<p>Expressen har s\u00f6kt programledarna Laila Bagge och Roger Nordin f\u00f6r en kommentar.<\/p>\n<p><strong>L\u00c4S MER: <\/strong><a href=\"https:\/\/www.expressen.se\/noje\/rix-morronzoo-inifran-larm-om-maktspel-och-utfrysning\/\" class=\"\" rel=\"nofollow noopener\" target=\"_blank\">\u201dRix Morronzoo\u201d inifr\u00e5n: Larm om maktspel och utfrysning<\/a><strong>L\u00c4S MER: <\/strong><a href=\"https:\/\/www.expressen.se\/noje\/roger-nordin-tillbaka-efter-larm--om-maktspel-och-utfrysning\/\" class=\"\" rel=\"nofollow noopener\" target=\"_blank\">Roger Nordin tillbaka \u2013 efter larm  om maktspel och utfrysning<\/a><strong>L\u00c4S MER: <\/strong><a href=\"https:\/\/www.expressen.se\/noje\/krismote-pa-viaplay--efter-expressens-granskning\/\" class=\"\" rel=\"nofollow noopener\" target=\"_blank\">Krism\u00f6te p\u00e5 Viaplay \u2013\u00a0efter Expressens granskning<\/a><script async src=\"\/\/www.instagram.com\/embed.js\"><\/script><\/p>\n","protected":false},"excerpt":{"rendered":"Publicerad 12 jan 2026 kl 14.52Uppdaterad kl 15.06 Expressen avsl\u00f6jade brister i arbetsmilj\u00f6n p\u00e5 \u201dRix Morronzoo\u201d.\u00a0 Nu tr\u00e4der&hellip;\n","protected":false},"author":2,"featured_media":133367,"comment_status":"","ping_status":"","sticky":false,"template":"","format":"standard","meta":{"footnotes":""},"categories":[67],"tags":[104,425,2255,6026,6025,34,31,33,32,30,2589,3466,105],"class_list":{"0":"post-133366","1":"post","2":"type-post","3":"status-publish","4":"format-standard","5":"has-post-thumbnail","7":"category-underhallning","8":"tag-entertainment","9":"tag-organization-instagram","10":"tag-organization-viaplay","11":"tag-person-laila-bagge","12":"tag-person-roger-nordin","13":"tag-se","14":"tag-svenska","15":"tag-sverige","16":"tag-sweden","17":"tag-swedish","18":"tag-topic-arbetsmiljo","19":"tag-topic-radio","20":"tag-underhallning"},"share_on_mastodon":{"url":"https:\/\/pubeurope.com\/@se\/115882576012723666","error":""},"_links":{"self":[{"href":"https:\/\/www.europesays.com\/se\/wp-json\/wp\/v2\/posts\/133366","targetHints":{"allow":["GET"]}}],"collection":[{"href":"https:\/\/www.europesays.com\/se\/wp-json\/wp\/v2\/posts"}],"about":[{"href":"https:\/\/www.europesays.com\/se\/wp-json\/wp\/v2\/types\/post"}],"author":[{"embeddable":true,"href":"https:\/\/www.europesays.com\/se\/wp-json\/wp\/v2\/users\/2"}],"replies":[{"embeddable":true,"href":"https:\/\/www.europesays.com\/se\/wp-json\/wp\/v2\/comments?post=133366"}],"version-history":[{"count":0,"href":"https:\/\/www.europesays.com\/se\/wp-json\/wp\/v2\/posts\/133366\/revisions"}],"wp:featuredmedia":[{"embeddable":true,"href":"https:\/\/www.europesays.com\/se\/wp-json\/wp\/v2\/media\/133367"}],"wp:attachment":[{"href":"https:\/\/www.europesays.com\/se\/wp-json\/wp\/v2\/media?parent=133366"}],"wp:term":[{"taxonomy":"category","embeddable":true,"href":"https:\/\/www.europesays.com\/se\/wp-json\/wp\/v2\/categories?post=133366"},{"taxonomy":"post_tag","embeddable":true,"href":"https:\/\/www.europesays.com\/se\/wp-json\/wp\/v2\/tags?post=133366"}],"curies":[{"name":"wp","href":"https:\/\/api.w.org\/{rel}","templated":true}]}}