{"id":133387,"date":"2026-01-12T14:35:07","date_gmt":"2026-01-12T14:35:07","guid":{"rendered":"https:\/\/www.europesays.com\/se\/133387\/"},"modified":"2026-01-12T14:35:07","modified_gmt":"2026-01-12T14:35:07","slug":"forsvarsmakten-satsar-pa-rymdformagor-forsvarsmakten","status":"publish","type":"post","link":"https:\/\/www.europesays.com\/se\/133387\/","title":{"rendered":"F\u00f6rsvarsmakten satsar p\u00e5 rymdf\u00f6rm\u00e5gor &#8211; F\u00f6rsvarsmakten"},"content":{"rendered":"<p>        &#13;<\/p>\n<p>                    <img   alt=\"Satellit\"\/><\/p>\n<p>        &#13;<br \/>\n            &#13;<br \/>\n            &#13;<br \/>\n                <img class=\"image\" data-lazy- data-media-viewer-image=\"https:\/\/www.forsvarsmakten.se\/ImageVault\/publishedmedia\/4jxw2baosrsmsvpc2a37\/Fo-rsvaret-av-Sverige-idag-och-imorgon-cyber-rymd.jpg 480w, https:\/\/www.forsvarsmakten.se\/ImageVault\/publishedmedia\/g3z28vcabybg93z5hq45\/Fo-rsvaret-av-Sverige-idag-och-imorgon-cyber-rymd.jpg 1024w, https:\/\/www.forsvarsmakten.se\/ImageVault\/publishedmedia\/zvy284rxjlxahf9eofmp\/Fo-rsvaret-av-Sverige-idag-och-imorgon-cyber-rymd.jpg 1440w, https:\/\/www.forsvarsmakten.se\/ImageVault\/publishedmedia\/49wc0f1bzyakz9dhp7ya\/Fo-rsvaret-av-Sverige-idag-och-imorgon-cyber-rymd.jpg 1920w\"  alt=\"Satellit\"\/>&#13;<br \/>\n            &#13;<br \/>\n            &#13;<\/p>\n<p>&#13;<br \/>\n                    &#13;<br \/>\n                        F\u00f6rsvarsmakten hade tidigare som m\u00e5l att ha egna operativa satelliter 2030 men tack vare ett intensivt och m\u00e5lmedvetet arbete s\u00e5 blir det verklighet redan n\u00e4sta \u00e5r.&#13;<br \/>\n                    &#13;<br \/>\n                    &#13;<br \/>\n                        Foto: SpaceX&#13;<br \/>\n                    &#13;\n                <\/p>\n<p>&#13;<br \/>\n            &#13;<\/p>\n<p>            &#13;<\/p>\n<p>\u2013 F\u00f6r Sverige inneb\u00e4r det h\u00e4r ett rej\u00e4lt kliv fram\u00e5t n\u00e4r det g\u00e4ller F\u00f6rsvarsmaktens utveckling av rymdf\u00f6rm\u00e5gor, vilket det sk\u00e4rpta s\u00e4kerhetsl\u00e4get kr\u00e4ver. Detta bidrag till den kollektiva f\u00f6rm\u00e5gan inom Natos samtliga dom\u00e4ner \u00e4r av stor strategisk vikt, s\u00e4ger F\u00f6rsvarsmaktens rymdchef flottiljamiral Anders Sundeman.<\/p>\n<p style=\"font-weight: 400;\">P\u00e5 uppdrag av F\u00f6rsvarsmakten har FMV tecknat avtal med tv\u00e5 satellitleverant\u00f6rer, det amerikanska f\u00f6retaget Planet Labs och finska ICEYE. Avtalet l\u00f6per p\u00e5 flera \u00e5r och omfattar anskaffning av satelliter och satellitdata, d\u00e4r de f\u00f6rsta satelliterna kommer att skjutas upp redan under 2026.<\/p>\n<p>Leverans tidigare \u00e4n planerat<\/p>\n<p style=\"font-weight: 400;\">F\u00f6rsvarsmakten hade tidigare som m\u00e5l att ha egna operativa satelliter 2030 men tack vare ett intensivt och m\u00e5lmedvetet arbete s\u00e5 blir det verklighet redan n\u00e4sta \u00e5r.<\/p>\n<p>\u2013 Det h\u00e4r \u00e4r ett bevis p\u00e5 att 2026 kommer bli ett leveransens \u00e5r vad g\u00e4ller \u00f6kad operativ f\u00f6rm\u00e5ga. V\u00e5r n\u00e4rvaro i rymden \u00e4r i en expansionsfas med h\u00f6g utvecklingstakt och tack vare detta tillskott kan vi se och verka p\u00e5 l\u00e4ngre avst\u00e5nd och f\u00e5 en \u00e4nnu b\u00e4ttre l\u00e4gesbild av hur Ryssland och andra akt\u00f6rer agerar, s\u00e4ger Anders Sundeman.<\/p>\n<p style=\"font-weight: 400;\">Upphandlingen \u00e4r ett led i F\u00f6rsvarsmaktens historiska upprustning och \u00e4r en del i Sveriges f\u00f6rsvars- och s\u00e4kerhetsstrategi f\u00f6r rymden fr\u00e5n 2024. Satsningen p\u00e5 rymdf\u00f6rm\u00e5gor kommer att st\u00e4rka F\u00f6rsvarsmakten och totalf\u00f6rsvaret samt gynna partners och allierade och ytterst g\u00f6ra v\u00e5r del av v\u00e4rlden s\u00e4krare.<\/p>\n","protected":false},"excerpt":{"rendered":"&#13; &#13; &#13; &#13; &#13; &#13; &#13; &#13; &#13; F\u00f6rsvarsmakten hade tidigare som m\u00e5l att ha egna operativa&hellip;\n","protected":false},"author":2,"featured_media":133388,"comment_status":"","ping_status":"","sticky":false,"template":"","format":"standard","meta":{"footnotes":""},"categories":[5],"tags":[22,23,26,27,17,21,24,25,28,29,15,16,6104,18,34,31,33,32,30,304,19,20],"class_list":{"0":"post-133387","1":"post","2":"type-post","3":"status-publish","4":"format-standard","5":"has-post-thumbnail","7":"category-rubriker","8":"tag-breaking-news","9":"tag-breakingnews","10":"tag-featured-news","11":"tag-featurednews","12":"tag-headlines","13":"tag-huvudnyheter","14":"tag-latest-news","15":"tag-latestnews","16":"tag-main-news","17":"tag-mainnews","18":"tag-news","19":"tag-nyheter","20":"tag-press-och-media","21":"tag-rubriker","22":"tag-se","23":"tag-svenska","24":"tag-sverige","25":"tag-sweden","26":"tag-swedish","27":"tag-tillvaxt","28":"tag-top-stories","29":"tag-topstories"},"share_on_mastodon":{"url":"https:\/\/pubeurope.com\/@se\/115882631045724354","error":""},"_links":{"self":[{"href":"https:\/\/www.europesays.com\/se\/wp-json\/wp\/v2\/posts\/133387","targetHints":{"allow":["GET"]}}],"collection":[{"href":"https:\/\/www.europesays.com\/se\/wp-json\/wp\/v2\/posts"}],"about":[{"href":"https:\/\/www.europesays.com\/se\/wp-json\/wp\/v2\/types\/post"}],"author":[{"embeddable":true,"href":"https:\/\/www.europesays.com\/se\/wp-json\/wp\/v2\/users\/2"}],"replies":[{"embeddable":true,"href":"https:\/\/www.europesays.com\/se\/wp-json\/wp\/v2\/comments?post=133387"}],"version-history":[{"count":0,"href":"https:\/\/www.europesays.com\/se\/wp-json\/wp\/v2\/posts\/133387\/revisions"}],"wp:featuredmedia":[{"embeddable":true,"href":"https:\/\/www.europesays.com\/se\/wp-json\/wp\/v2\/media\/133388"}],"wp:attachment":[{"href":"https:\/\/www.europesays.com\/se\/wp-json\/wp\/v2\/media?parent=133387"}],"wp:term":[{"taxonomy":"category","embeddable":true,"href":"https:\/\/www.europesays.com\/se\/wp-json\/wp\/v2\/categories?post=133387"},{"taxonomy":"post_tag","embeddable":true,"href":"https:\/\/www.europesays.com\/se\/wp-json\/wp\/v2\/tags?post=133387"}],"curies":[{"name":"wp","href":"https:\/\/api.w.org\/{rel}","templated":true}]}}