{"id":133411,"date":"2026-01-12T14:54:15","date_gmt":"2026-01-12T14:54:15","guid":{"rendered":"https:\/\/www.europesays.com\/se\/133411\/"},"modified":"2026-01-12T14:54:15","modified_gmt":"2026-01-12T14:54:15","slug":"trailerpremiar-kjell-bergqvist-och-robert-gustafsson-gor-upp-i-grannfejden","status":"publish","type":"post","link":"https:\/\/www.europesays.com\/se\/133411\/","title":{"rendered":"Trailerpremi\u00e4r: Kjell Bergqvist och Robert Gustafsson g\u00f6r upp i &#8221;Grannfejden&#8221;"},"content":{"rendered":"<p><strong>Robert Gustafsson<\/strong> \u00e4r just nu h\u00f6gaktuell som knepig granne i \u201dRegnmannen\u201d p\u00e5 bio, men redan i februari \u00e4r det dags f\u00f6r n\u00e4sta l\u00e5ngfilm. D\u00e5 spelar han \u00e4nnu en knepig granne \u2013 i <strong>Ulf Malmros<\/strong> komedi \u201dGrannfejden\u201d.<\/p>\n<p>Fejden ifr\u00e5ga uppst\u00e5r mellan den egensinnige Harry Flodman och den f\u00f6re detta statsministern Stefan Carlsson (<strong>Kjell Bergqvist<\/strong>), som precis flyttat in i sin nya g\u00e5rd och ser fram emot ett lugnt pensionsliv. I rollerna syns ocks\u00e5 <strong>Tuva Novotny<\/strong> (\u201dSmala Sussie\u201d) och<strong> Ida Hallquist <\/strong>(\u201dAck V\u00e4rmland\u201d).<\/p>\n<p>F\u00f6r Malmros blir \u201dGrannfejden\u201d hans f\u00f6rsta l\u00e5ngfilm efter \u201dFlykten till framtiden\u201d fr\u00e5n 2016. En v\u00e4lkommen comeback till vita duken efter tio \u00e5r.<\/p>\n<p>Idag har vi n\u00f6jet att premi\u00e4rvisa trailern till \u201dGrannfejden\u201d exklusivt p\u00e5 MovieZine. Filmen g\u00e5r upp <strong>p\u00e5 bio den 20 februari <\/strong>och vi vet <a href=\"https:\/\/www.moviezine.se\/nyheter\/biopasset-2026-har-ar-filmerna-du-kan-se-for-halva-priset\" rel=\"nofollow noopener\" target=\"_blank\">hur du kan se den f\u00f6r halva priset<\/a>.<\/p>\n<p>Och kom ih\u00e5g: \u201dInfluencer \u00e4r inget yrke, det \u00e4r en diagnos.\u201d<\/p>\n<p><img loading=\"lazy\" decoding=\"async\" alt=\"YouTube video\" width=\"480\" height=\"360\" data-pin-nopin=\"true\" nopin=\"nopin\" class=\"perfmatters-lazy\" src=\"https:\/\/www.europesays.com\/se\/wp-content\/uploads\/2026\/01\/1768229655_430_hqdefault.jpg\"\/><\/p>\n<p>L\u00e4s ocks\u00e5: <a href=\"https:\/\/www.moviezine.se\/nyheter\/biopasset-2026-har-ar-filmerna-du-kan-se-for-halva-priset\" title=\"Biopasset 2026 \u2013 h\u00e4r \u00e4r filmerna du kan se f\u00f6r halva priset\" class=\"underline-custom !font-montserrat !font-bold !underline-offset-4 !decoration-4 !decoration-moviezine-green !text-md\" rel=\"nofollow noopener\" target=\"_blank\">Biopasset 2026 \u2013 h\u00e4r \u00e4r filmerna du kan se f\u00f6r halva priset<\/a><\/p>\n<p>L\u00e4s ocks\u00e5: <a href=\"https:\/\/www.moviezine.se\/nyheter\/robert-gustafsson-och-kjell-bergqvist-brakar-om-utedass-i-grannfejden\" title=\"Robert Gustafsson och Kjell Bergqvist br\u00e5kar om utedass i komedin \u201dGrannfejden\u201d\" class=\"underline-custom !font-montserrat !font-bold !underline-offset-4 !decoration-4 !decoration-moviezine-green !text-md\" rel=\"nofollow noopener\" target=\"_blank\">Robert Gustafsson och Kjell Bergqvist br\u00e5kar om utedass i komedin \u201dGrannfejden\u201d<\/a><\/p>\n","protected":false},"excerpt":{"rendered":"Robert Gustafsson \u00e4r just nu h\u00f6gaktuell som knepig granne i \u201dRegnmannen\u201d p\u00e5 bio, men redan i februari \u00e4r&hellip;\n","protected":false},"author":2,"featured_media":133412,"comment_status":"","ping_status":"","sticky":false,"template":"","format":"standard","meta":{"footnotes":""},"categories":[67],"tags":[104,2292,34,2535,31,33,32,30,2044,105],"class_list":{"0":"post-133411","1":"post","2":"type-post","3":"status-publish","4":"format-standard","5":"has-post-thumbnail","7":"category-underhallning","8":"tag-entertainment","9":"tag-exklusivt","10":"tag-se","11":"tag-svensk-film","12":"tag-svenska","13":"tag-sverige","14":"tag-sweden","15":"tag-swedish","16":"tag-trailer","17":"tag-underhallning"},"share_on_mastodon":{"url":"https:\/\/pubeurope.com\/@se\/115882705748477744","error":""},"_links":{"self":[{"href":"https:\/\/www.europesays.com\/se\/wp-json\/wp\/v2\/posts\/133411","targetHints":{"allow":["GET"]}}],"collection":[{"href":"https:\/\/www.europesays.com\/se\/wp-json\/wp\/v2\/posts"}],"about":[{"href":"https:\/\/www.europesays.com\/se\/wp-json\/wp\/v2\/types\/post"}],"author":[{"embeddable":true,"href":"https:\/\/www.europesays.com\/se\/wp-json\/wp\/v2\/users\/2"}],"replies":[{"embeddable":true,"href":"https:\/\/www.europesays.com\/se\/wp-json\/wp\/v2\/comments?post=133411"}],"version-history":[{"count":0,"href":"https:\/\/www.europesays.com\/se\/wp-json\/wp\/v2\/posts\/133411\/revisions"}],"wp:featuredmedia":[{"embeddable":true,"href":"https:\/\/www.europesays.com\/se\/wp-json\/wp\/v2\/media\/133412"}],"wp:attachment":[{"href":"https:\/\/www.europesays.com\/se\/wp-json\/wp\/v2\/media?parent=133411"}],"wp:term":[{"taxonomy":"category","embeddable":true,"href":"https:\/\/www.europesays.com\/se\/wp-json\/wp\/v2\/categories?post=133411"},{"taxonomy":"post_tag","embeddable":true,"href":"https:\/\/www.europesays.com\/se\/wp-json\/wp\/v2\/tags?post=133411"}],"curies":[{"name":"wp","href":"https:\/\/api.w.org\/{rel}","templated":true}]}}