{"id":133416,"date":"2026-01-12T14:59:16","date_gmt":"2026-01-12T14:59:16","guid":{"rendered":"https:\/\/www.europesays.com\/se\/133416\/"},"modified":"2026-01-12T14:59:16","modified_gmt":"2026-01-12T14:59:16","slug":"notan-har-anlant-for-irans-ledare","status":"publish","type":"post","link":"https:\/\/www.europesays.com\/se\/133416\/","title":{"rendered":"Notan har anl\u00e4nt f\u00f6r Irans ledare"},"content":{"rendered":"<p>Det \u00e4r farligt f\u00f6r auktorit\u00e4ra regimer att visa sig svaga i krig.<\/p>\n<p>Irans ledare gjorde det i juni i fjol.<\/p>\n<p>Och nu har det iranska folket f\u00e5tt nog.\u00a0<\/p>\n<p><img   alt=\"\"\/><\/p>\n<p>Ayatollah Ali Khamenei, Irans andliga ledare.<\/p>\n<p>Foto: UPI\/IBL<\/p>\n<p>\u00d6ppna bild i helsk\u00e4rm<img loading=\"lazy\"   alt=\"\"\/><\/p>\n<p>En polisstation i Teheran s\u00e4tts i brand under protesterna.<\/p>\n<p>Foto: SOCIAL MEDIA \/ STELLA PICTURES<\/p>\n<p>\u00d6ppna bild i helsk\u00e4rm<img loading=\"lazy\"   alt=\"\"\/>\u00d6ppna bild i helsk\u00e4rm<\/p>\n<p>Detta \u00e4r en kommenterande text. Analys och st\u00e4llningstaganden \u00e4r skribentens.<\/p>\n<p><img   alt=\"\"\/>Mats Larsson<\/p>\n<p>Ingen vet \u00e4nnu hur detta kommer att sluta. Protesterna forts\u00e4tter runtom i <a href=\"https:\/\/www.expressen.se\/tagg\/location\/iran\/\" class=\"\" rel=\"nofollow noopener\" target=\"_blank\">Iran<\/a> men d\u00f6dssiffran har \u00f6kat dramatiskt under helgen till runt 500 d\u00f6da.<\/p>\n<p>Den verkliga siffran kan mycket v\u00e4l vara h\u00f6gre. USA:s president Donald Trump har hotat att ingripa om regimen d\u00f6dar sina egna \u2013 det som precis nu p\u00e5g\u00e5r \u2013 och han ska briefas om olika alternativ under tisdagen.<\/p>\n<p>Det var landets ekonomiska problem och kollapsande valuta som startade protesterna i Teherans basar den 28 december, men de har snabbt f\u00f6rvandlats till ett existentiellt hot mot ayatollah Ali Khamenei och den islamiska regimen.<\/p>\n<p>Det l\u00e4r heller inte vara n\u00e5gon tillf\u00e4llighet att protesterna kommer ett drygt halv\u00e5r efter att israelerna i somras under tolv dagar r\u00e4tt oh\u00e4mmat kunde attackera och bomba m\u00e5l i Iran.<\/p>\n<p>\u00c4ven USA ingrep till slut och Donald Trump s\u00e4nde amerikanska B-2-bombare som allvarligt skadade Irans underjordiska k\u00e4rnenergiprogram.<\/p>\n<p><strong>Iranierna \u2013 i alla fall den \u00e4ldre generationen \u2013 kan en del om krig. Irak och Saddam Hussein anf\u00f6ll Iran \u00e5ret efter den iranska revolutionen 1979, starten p\u00e5 ett \u00f6ver \u00e5tta \u00e5r l\u00e5ngt, mycket blodigt krig.<\/strong><\/p>\n<p><strong>Det var ocks\u00e5 ett krig som st\u00e4rkte Irans d\u00e5varande ledare ayatollah Ruhollah Khomeini och regimens styre. Befolkningen kunde tr\u00f6sta sig med att mullorna och Irans revolution\u00e4ra garde d\u00e4refter i alla fall skyddade dem fr\u00e5n utl\u00e4ndska invasioner och krig.<\/strong><\/p>\n<p>Men kriget kom ifjol. Regimen best\u00e5r nu av gamla m\u00e4n som inte l\u00e4ngre n\u00e5gra svar verkar ha.<\/p>\n<p>\u2013 Det var sista str\u00e5et, s\u00e4ger Iran-experten Ali Vaez till Wall Street Journal. Regimen har alltid argumenterat att \u00e4ven om de inte skapat ekonomiskt v\u00e4lst\u00e5nd s\u00e5 hade de i alla fall gett trygghet och s\u00e4kerhet.<\/p>\n<p>\u2013 Det visade sig inte st\u00e4mma.<\/p>\n<p>Och auktorit\u00e4ra regimer har i historien ofta f\u00e5tt betala ett h\u00f6gt pris f\u00f6r det misslyckandet. Det brukar dr\u00f6ja n\u00e5gra m\u00e5nader, kanske n\u00e5got \u00e5r, men till slut kommer notan.<\/p>\n<p>Det \u00e4r vad som h\u00e4nde i Jugoslavien (numera Serbien) under Slobodan Milosevic. Han st\u00f6rtades fr\u00e5n makten i folkliga protester \u00e5r 2000, cirka ett \u00e5r efter att Nato bombat landet och Belgrad f\u00f6rlorat kontrollen \u00f6ver Kosovo.<\/p>\n<p><img loading=\"lazy\"   alt=\"\"\/><\/p>\n<p>Jugoslaviens f\u00f6rre president Slobodan Milosevic f\u00f6rlorade makten efter stora folkliga protester.<\/p>\n<p>Foto: EPA\/AP<\/p>\n<p>\u00d6ppna bild i helsk\u00e4rm<\/p>\n<p>I Argentina f\u00f6rlorade milit\u00e4rjuntan makten 1983, \u00e5ret efter att de misslyckats med att ta kontrollen \u00f6ver Falklands\u00f6arna och utk\u00e4mpat ett f\u00f6rlorat krig mot Storbritannien.<\/p>\n<p>En nyckelfr\u00e5ga i Iran blir nu om s\u00e4kerhetsstyrkorna kommer att forts\u00e4tta att skjuta ihj\u00e4l demonstranterna, trots risken f\u00f6r amerikansk inblandning.<\/p>\n<p>Det \u00e4r n\u00e4r milit\u00e4ren och polisen byter sida, till slut v\u00e4grar att lyda order, som en auktorit\u00e4r regim i regel faller. D\u00e4r \u00e4r vi inte \u00e4n.<\/p>\n<p>Annons<\/p>\n<p>Samtidigt forts\u00e4tter internet vara nedsl\u00e4ckt, n\u00e5got som g\u00f6r det sv\u00e5rt f\u00f6r iranierna att n\u00e5 ut och omv\u00e4rlden att f\u00e5 inblick i vad som h\u00e4nder.<\/p>\n<p>Iran har \u00e4ven vid tidigare protester sl\u00e4ckt ner internet. Den l\u00e4ngsta nedsl\u00e4ckningen \u00e4gde rum 2019 och varade i \u00e5tta dagar.<\/p>\n<p>Men varje dag internet \u00e4r blockerat kostar ocks\u00e5 den iranska ekonomin stora summor som regimen egentligen inte ha r\u00e5d med. Mycket av Irans ekonomi \u00e4r ju beroende av internet, som bankbetalningar.<\/p>\n<p>Iran har upplevt stora protester f\u00f6rr, inte minst 2022, 2019 och 2009. Vid protesterna 2009 \u2013 den s\u00e5 kallade \u201dGr\u00f6na revolutionen\u201d hoppades m\u00e5nga iranier att USA:s d\u00e5varande president Barack Obama skulle st\u00f6dja och hj\u00e4lpa dem.<\/p>\n<p><strong>Den f\u00f6rsiktige Obama ville inte dra in USA i \u00e4nnu en kaotisk situation i Mellan\u00f6stern, h\u00f6ll en l\u00e5g profil och arbetade i st\u00e4llet p\u00e5 en diplomatisk l\u00f6sning om Irans k\u00e4rnenergiprogram.<\/strong><\/p>\n<p><strong>Donald Trump har sedan han \u00e5terkom till makten visat sig vara betydligt mer beredd att anv\u00e4nda amerikanska vapen och hotar nu g\u00f6ra det \u00e4ven mot Iran.<\/strong><\/p>\n<blockquote><p>En sv\u00e5r balansg\u00e5ng<\/p><\/blockquote>\n<p>Det mesta talar f\u00f6r att det i s\u00e5 fall \u00e5ter blir begr\u00e4nsade attacker fr\u00e5n luften om vapen anv\u00e4nds. USA har exempelvis ingen hangarfartygsgrupp p\u00e5 plats i regionen f\u00f6r tillf\u00e4llet.<\/p>\n<p>Det blir hursomhelst en sv\u00e5r balansg\u00e5ng. En mer symbolisk attack riskerar att ingen p\u00e5verkan ha alls, en f\u00f6r stor attack kan leda till kollaps och kaos i nationen p\u00e5 90 miljoner inv\u00e5nare.<\/p>\n<p>Och det \u00e4r n\u00e5got just ingen har intresse av.\u00a0<\/p>\n","protected":false},"excerpt":{"rendered":"Det \u00e4r farligt f\u00f6r auktorit\u00e4ra regimer att visa sig svaga i krig. Irans ledare gjorde det i juni&hellip;\n","protected":false},"author":2,"featured_media":133417,"comment_status":"","ping_status":"","sticky":false,"template":"","format":"standard","meta":{"footnotes":""},"categories":[5],"tags":[22,23,26,27,17,21,24,25,971,45,28,29,15,13556,16,13555,198,18,34,1492,31,33,32,30,19,781,20],"class_list":{"0":"post-133416","1":"post","2":"type-post","3":"status-publish","4":"format-standard","5":"has-post-thumbnail","7":"category-rubriker","8":"tag-breaking-news","9":"tag-breakingnews","10":"tag-featured-news","11":"tag-featurednews","12":"tag-headlines","13":"tag-huvudnyheter","14":"tag-latest-news","15":"tag-latestnews","16":"tag-location-iran","17":"tag-location-usa","18":"tag-main-news","19":"tag-mainnews","20":"tag-news","21":"tag-newsstory-protesterna-i-iran","22":"tag-nyheter","23":"tag-person-ayatollah-ali-khamenei","24":"tag-person-donald-trump","25":"tag-rubriker","26":"tag-se","27":"tag-sections-matslarsson","28":"tag-svenska","29":"tag-sverige","30":"tag-sweden","31":"tag-swedish","32":"tag-top-stories","33":"tag-topic-utrikespolitik","34":"tag-topstories"},"share_on_mastodon":{"url":"https:\/\/pubeurope.com\/@se\/115882725763933738","error":""},"_links":{"self":[{"href":"https:\/\/www.europesays.com\/se\/wp-json\/wp\/v2\/posts\/133416","targetHints":{"allow":["GET"]}}],"collection":[{"href":"https:\/\/www.europesays.com\/se\/wp-json\/wp\/v2\/posts"}],"about":[{"href":"https:\/\/www.europesays.com\/se\/wp-json\/wp\/v2\/types\/post"}],"author":[{"embeddable":true,"href":"https:\/\/www.europesays.com\/se\/wp-json\/wp\/v2\/users\/2"}],"replies":[{"embeddable":true,"href":"https:\/\/www.europesays.com\/se\/wp-json\/wp\/v2\/comments?post=133416"}],"version-history":[{"count":0,"href":"https:\/\/www.europesays.com\/se\/wp-json\/wp\/v2\/posts\/133416\/revisions"}],"wp:featuredmedia":[{"embeddable":true,"href":"https:\/\/www.europesays.com\/se\/wp-json\/wp\/v2\/media\/133417"}],"wp:attachment":[{"href":"https:\/\/www.europesays.com\/se\/wp-json\/wp\/v2\/media?parent=133416"}],"wp:term":[{"taxonomy":"category","embeddable":true,"href":"https:\/\/www.europesays.com\/se\/wp-json\/wp\/v2\/categories?post=133416"},{"taxonomy":"post_tag","embeddable":true,"href":"https:\/\/www.europesays.com\/se\/wp-json\/wp\/v2\/tags?post=133416"}],"curies":[{"name":"wp","href":"https:\/\/api.w.org\/{rel}","templated":true}]}}