{"id":133427,"date":"2026-01-12T15:09:20","date_gmt":"2026-01-12T15:09:20","guid":{"rendered":"https:\/\/www.europesays.com\/se\/133427\/"},"modified":"2026-01-12T15:09:20","modified_gmt":"2026-01-12T15:09:20","slug":"behover-spetsas-till-vlt","status":"publish","type":"post","link":"https:\/\/www.europesays.com\/se\/133427\/","title":{"rendered":"\u201dBeh\u00f6ver spetsas till\u201d \u2013 VLT"},"content":{"rendered":"<p>Stora delar av truppen \u00e4r intakt. <\/p>\n<p>Nu b\u00f6rjar VSK:s och nye sportchefen Billy Magnussons arbete med att f\u00f6rst\u00e4rka truppen inf\u00f6r 2026. <\/p>\n<p>\u2013 Vi ska in p\u00e5 den h\u00f6gsta niv\u00e5n och t\u00e4vla, d\u00e5 beh\u00f6ver vi spetsa till saker och ting, s\u00e4ger han. <\/p>\n<p>Billy Magnusson hade bara varit p\u00e5 plats i V\u00e4ster\u00e5s n\u00e5gra dagar innan VLT fick en pratstund med honom i samband med VSK:s premi\u00e4rtr\u00e4ning i tisdags. <\/p>\n<p>Tekniskt fel<\/p>\n<p class=\"message__text txt-ui txt-ui-2\">V\u00e4nligen f\u00f6rs\u00f6k igen senare.<\/p>\n<p>Den h\u00e4r artikeln \u00e4r bara f\u00f6r prenumeranter<\/p>\n<p class=\"txt-body txt-body-1\">Om du redan \u00e4r prenumerant: logga in!<\/p>\n","protected":false},"excerpt":{"rendered":"Stora delar av truppen \u00e4r intakt. Nu b\u00f6rjar VSK:s och nye sportchefen Billy Magnussons arbete med att f\u00f6rst\u00e4rka&hellip;\n","protected":false},"author":2,"featured_media":133428,"comment_status":"","ping_status":"","sticky":false,"template":"","format":"standard","meta":{"footnotes":""},"categories":[68],"tags":[34,111,110,31,33,32,30],"class_list":{"0":"post-133427","1":"post","2":"type-post","3":"status-publish","4":"format-standard","5":"has-post-thumbnail","7":"category-sport","8":"tag-se","9":"tag-sport","10":"tag-sports","11":"tag-svenska","12":"tag-sverige","13":"tag-sweden","14":"tag-swedish"},"share_on_mastodon":{"url":"https:\/\/pubeurope.com\/@se\/115882764699257217","error":""},"_links":{"self":[{"href":"https:\/\/www.europesays.com\/se\/wp-json\/wp\/v2\/posts\/133427","targetHints":{"allow":["GET"]}}],"collection":[{"href":"https:\/\/www.europesays.com\/se\/wp-json\/wp\/v2\/posts"}],"about":[{"href":"https:\/\/www.europesays.com\/se\/wp-json\/wp\/v2\/types\/post"}],"author":[{"embeddable":true,"href":"https:\/\/www.europesays.com\/se\/wp-json\/wp\/v2\/users\/2"}],"replies":[{"embeddable":true,"href":"https:\/\/www.europesays.com\/se\/wp-json\/wp\/v2\/comments?post=133427"}],"version-history":[{"count":0,"href":"https:\/\/www.europesays.com\/se\/wp-json\/wp\/v2\/posts\/133427\/revisions"}],"wp:featuredmedia":[{"embeddable":true,"href":"https:\/\/www.europesays.com\/se\/wp-json\/wp\/v2\/media\/133428"}],"wp:attachment":[{"href":"https:\/\/www.europesays.com\/se\/wp-json\/wp\/v2\/media?parent=133427"}],"wp:term":[{"taxonomy":"category","embeddable":true,"href":"https:\/\/www.europesays.com\/se\/wp-json\/wp\/v2\/categories?post=133427"},{"taxonomy":"post_tag","embeddable":true,"href":"https:\/\/www.europesays.com\/se\/wp-json\/wp\/v2\/tags?post=133427"}],"curies":[{"name":"wp","href":"https:\/\/api.w.org\/{rel}","templated":true}]}}