{"id":133431,"date":"2026-01-12T15:13:15","date_gmt":"2026-01-12T15:13:15","guid":{"rendered":"https:\/\/www.europesays.com\/se\/133431\/"},"modified":"2026-01-12T15:13:15","modified_gmt":"2026-01-12T15:13:15","slug":"trump-2-0-ett-ar-som-skakade-varlden","status":"publish","type":"post","link":"https:\/\/www.europesays.com\/se\/133431\/","title":{"rendered":"Trump 2.0: Ett \u00e5r som skakade v\u00e4rlden"},"content":{"rendered":"<p>\t\t\t\t\t<a href=\"https:\/\/www.tn.se\/usas-ekonomi\/\" rel=\"nofollow noopener\" target=\"_blank\"><br \/>\n\t\t\t\tUSA:S EKONOMI<br \/>\n\t\t\t<\/a><\/p>\n<p>\t\t\t\t<img decoding=\"async\" class=\"figure-img img-fluid\"  src=\"https:\/\/www.europesays.com\/se\/wp-content\/uploads\/2026\/01\/1768230789_230_bilder.tn.se.jpeg\" alt=\"\" itemprop=\"image\"\/><\/p>\n<p>\t\t\t\t\t\t\t\t\tUSA:s president Donald Trump, fotograferad p\u00e5 presidentflyget Air Force One i s\u00f6ndags.<br \/>\n\t\t\t\t\t\t\t\t\t\t\t\t\tBild:<br \/>\n\t\t\t\t\tJulia Demaree Nikhinson\/AP\/TT<\/p>\n<p class=\"ew-preamble\" itemprop=\"description\">Tullkrig, annekteringshot och ett Vita hus som blir allt guldigare. En gripen statschef och en het \u00f6nskan om ett fredspris.<\/p>\n<p class=\"ew-preamble\" itemprop=\"description\">President Donald Trump \u00e4r ett \u00e5r in i sin andra mandatperiod och v\u00e4rlden h\u00e5ller andan.<\/p>\n<p>\n\t\tPublicerad:<br \/>\n\t\t12 jan 2026, 15:15\n\t<\/p>\n<p class=\"ew-body\">Ett \u00e5r har g\u00e5tt sedan Donald Trump f\u00f6r andra g\u00e5ngen svor att \u201dbevara, skydda och f\u00f6rsvara\u201d USA:s grundlag. Sedan dess har v\u00e4rlden inte varit sig lik. Med fokus p\u00e5 America First-agendan har USA:s president i m\u00e5ngt och mycket satt den regelbaserade v\u00e4rldsordningen ur spel och formulerat egna riktlinjer. H\u00e4r \u00e4r Trumps f\u00f6rsta \u00e5r vid makten i punktform:<\/p>\n<p class=\"ew-body\">USA:s nya s\u00e4kerhetsstrategi: Nato, Venezuela och Gr\u00f6nland<\/p>\n<p class=\"ew-body\">En varning f\u00f6r \u201dcivilisationsutpl\u00e5ning\u201d i Europa, stopp f\u00f6r global massmigration, amerikansk \u201d\u00f6verh\u00f6ghet\u201d i Latinamerika samt dominans p\u00e5 v\u00e4stra halvklotet. I december publicerades USA:s nya s\u00e4kerhetsstrategi.<\/p>\n<p class=\"ew-body\">Knappt en m\u00e5nad senare tillf\u00e5ngatogs Venezuelas president Nicol\u00e1s Maduro och hans hustru vid en milit\u00e4roperation i Caracas. De f\u00f6rdes till USA d\u00e4r Maduro anklagades f\u00f6r bland annat st\u00e4mpling till \u201dnarkotikaterrorism\u201d. Trump har meddelat att USA under en tid ska \u201dstyra&#8221; Venezuela, inklusive landets oljeindustri.<\/p>\n<p class=\"ew-body\">Parallellt \u00e5terupprepade presidenten sina hot mot (danska) Gr\u00f6nland, som han anser att USA beh\u00f6ver ur \u201dnationell s\u00e4kerhetssynpunkt\u201d. Det ledde till krism\u00f6ten i EU och fr\u00e5gor om vad det skulle inneb\u00e4ra f\u00f6r milit\u00e4ralliansen Nato om en medlem attackerade en annan.<\/p>\n<p class=\"ew-body\">R\u00f6rande Nato har Trump fortsatt lufta krav p\u00e5 att fr\u00e4mst europeiska medlemmar m\u00e5ste \u00f6ka sina f\u00f6rsvarssatsningar. Och Pentagon har meddelat Europa att man senast 2027 m\u00e5ste ta \u00f6ver huvuddelen av ansvaret f\u00f6r Nato p\u00e5 hemmaplan.<\/p>\n<p class=\"ew-body\">Krigen i Gaza och Ukraina<\/p>\n<p class=\"ew-body\">Under valr\u00f6relsen lovade Trump snabba slut p\u00e5 krigen i Gaza och Ukraina. Hans s\u00e4ndebud har \u00e5kt skytteltrafik till konfliktomr\u00e5dena och i b\u00f6rjan av oktober kunde ett fredsavtal mellan Israel och Hamas undertecknas. L\u00e4get i Gaza \u00e4r dock fortfarande sv\u00e5rt och det finns fr\u00e5getecken kring uppg\u00f6relsen och Gazaremsans framtida styre.<\/p>\n<p class=\"ew-body\">I Ukraina forts\u00e4tter attackerna. Trump har medgett att det var sv\u00e5rare \u00e4n han trodde att f\u00e5 slut p\u00e5 det ryska anfallskriget. I augusti tr\u00e4ffade han Rysslands Vladimir Putin i Alaska och han har flera g\u00e5nger tr\u00e4ffat Ukrainas president Volodymyr Zelenskyj (inklusive det katastrofala februarim\u00f6tet som sp\u00e5rade ur i ett gr\u00e4l). USA har lagt fram utkast till fredsavtal, som har kritiserats f\u00f6r att vara f\u00f6r gynnsamma f\u00f6r Ryssland.<\/p>\n<p class=\"ew-body\">En Nobelpris\u00f6nskan<\/p>\n<p class=\"ew-body\">Trump har upprepade g\u00e5nger sagt att han vill ha Nobels fredspris. I ett tal i FN:s generalf\u00f6rsamling i h\u00f6stas h\u00e4vdade presidenten att han avlutat sju krig och kallade sig sj\u00e4lv en fredsm\u00e4klare \u2013 samtidigt som han gav k\u00e4ngor till v\u00e4rldssamfundet.<\/p>\n<p class=\"ew-body\">Experter menar att Trump inte verkar i Nobels anda. Kritiker h\u00e4vdar att den v\u00e4g USA nu slagit in p\u00e5 \u00e4r imperialistisk och s\u00e4tter den regelbaserade v\u00e4rldsordningen, d\u00e4r demokrati och folkr\u00e4tt \u00e4r ledord, ur spel.<\/p>\n<p class=\"ew-body\">Det globala handelskriget<\/p>\n<p class=\"ew-body\">\u201dTullar \u00e4r ordbokens vackraste ord\u201d, har presidenten h\u00e4vdat g\u00e5ng p\u00e5 g\u00e5ng.<\/p>\n<p class=\"ew-body\">Det \u00e4r v\u00e4l k\u00e4nt att Trump anser att USA behandlats or\u00e4ttvist i v\u00e4rldshandeln och att strafftullar \u00e4r r\u00e4tt s\u00e4tt att sl\u00e5 tillbaka. I april aviserade han tullar p\u00e5 varor fr\u00e5n i princip hela v\u00e4rlden. Vissa har d\u00e4refter satts p\u00e5 paus, andra \u00e4r \u00e4nnu under f\u00f6rhandling \u2013 och marknaderna har stundtals varit kaotiska.<\/p>\n<p class=\"ew-body\">Ekonomer har bland annat varnat f\u00f6r att tullarna kan leda till h\u00f6gre inflation p\u00e5 hemmaplan, men effekterna \u00e4r \u00e4nnu sv\u00e5ra att bed\u00f6ma.<\/p>\n<p class=\"ew-body\">En huvudstad i Trumps smak<\/p>\n<p class=\"ew-body\">I somras inledde fastighetsmagnaten Trump ett ansiktslyft f\u00f6r hemstaden Washington DC som skulle leda till r\u00e5ttfria och s\u00e4kra gator, vackrare parker och minskad brottslighet (polisk\u00e5ren federaliserades och nationalgardet skickades in). Han fajtades \u00e4ven med statligt finansierade Smithsonian f\u00f6r att f\u00e5 till en mer \u201dpatriotisk och framg\u00e5ngsorienterad\u201d inriktning p\u00e5 utst\u00e4llningarna.<\/p>\n<p class=\"ew-body\">I oktober skedde en pl\u00f6tslig rivning av Vita husets \u00f6stra flygel, f\u00f6r att bereda plats f\u00f6r en stor festsal i guld som ska st\u00e5 f\u00e4rdig till USA:s 250-\u00e5rsdag den 4 juli. Trump vill \u00e4ven resa en gyllene triumfb\u00e5ge \u2013 en \u201dArc de Trump\u201d.<\/p>\n<p class=\"ew-body\">ICE, massdeportationer och gr\u00e4nskontroll<\/p>\n<p class=\"ew-body\">Trump har i \u00e5ratal anklagat migranter som vistas olagligt i USA f\u00f6r v\u00e5ldsbrott och knarksmuggling och utlovat massdeportationer. I v\u00e5ras \u00e5beropade han en lag fr\u00e5n 1798 f\u00f6r att kunna anv\u00e4nda \u201dalla m\u00f6jliga medel\u201d mot vad han sade var kriminella g\u00e4ngmedlemmar. Massr\u00e4der mot pappersl\u00f6sa har lett till protester och juridiska strider, men ocks\u00e5 minskad invandring.<\/p>\n<p class=\"ew-body\">Att Trump skickat in nationalgardet i st\u00e4der, i huvudsak demokratstyrda, f\u00f6r att sl\u00e5 ner protester, h\u00e5lla brottslighet i schack och bist\u00e5 i r\u00e4derna mot pappersl\u00f6sa har v\u00e4ckt uppr\u00f6rdhet.<\/p>\n<p class=\"ew-body\">I januari sk\u00f6t den federala migrationspolisen ICE ihj\u00e4l en trebarnsmamma i Minneapolis, vilket ledde till stora protester.<\/p>\n<p class=\"ew-body\">Krympt stat och strid mot m\u00e5ngfald<\/p>\n<p class=\"ew-body\">Organet Doge, lett av techmiljard\u00e4ren Elon Musk, avskedade tiotusentals statligt anst\u00e4llda. Bist\u00e5ndsorganet USAID lades ner, utbildningsdepartementet monterades ner, nedsk\u00e4rningar genomf\u00f6rdes inom FBI och klimatinitiativ str\u00f6ps. Bland annat.<\/p>\n<p class=\"ew-body\">Trump gav order om att statliga m\u00e5ngfaldsinitiativ skulle l\u00e4ggas ner. Han kr\u00e4vde ocks\u00e5 att landets prestigeuniversitet gjorde detsamma, vilket ledde till h\u00e5rda konflikter.<\/p>\n<p class=\"ew-body\">Trump har undertecknat \u00f6ver 220 presidentdekret under \u00e5ret, fler \u00e4n under hela f\u00f6rsta mandatperioden. Det j\u00e4ttelika lagpaket han drev igenom i kongressen i somras inneh\u00f6ll fr\u00e4mst skattes\u00e4nkningar och f\u00f6rsvarssatsningar.<\/p>\n<p class=\"ew-body\">Trumps historieskrivning<\/p>\n<p class=\"ew-body\">I december sattes nya plaketter upp p\u00e5 Vita husets portr\u00e4ttv\u00e4gg \u00f6ver tidigare presidenter, delvis skrivna av Trump sj\u00e4lv. Texterna inneh\u00e5ller s\u00e5v\u00e4l f\u00f6rol\u00e4mpningar som grundl\u00f6sa p\u00e5st\u00e5enden. Bland annat st\u00e5r att l\u00e4sa att Joe Biden var s\u00f6mnig och Barack Obama splittrande.<\/p>\n<p class=\"ew-body\">P\u00e5 Vita husets hemsida publicerades nyligen en omformulerad beskrivning av stormningen av Kapitolium den 6 januari 2021, i vilken det heter att den d\u00f6dliga h\u00e4ndelsen var en \u201dfredlig protest\u201d och att polisen fick den att urarta.<\/p>\n<p class=\"ew-body\">Tina Magnerg\u00e5rd Bjers\/TT<\/p>\n<p>\t\t\t\t<img decoding=\"async\" class=\"figure-img img-fluid\"  src=\"https:\/\/www.europesays.com\/se\/wp-content\/uploads\/2026\/01\/1768230790_340_bilder.tn.se.jpeg\" alt=\"\" itemprop=\"image\"\/><\/p>\n<p>\t\t\t\t\t\t\t\t\tProtester mot Venezuelas president Nicol\u00e1s Maduro i New York, d\u00e4r han st\u00e4lldes inf\u00f6r r\u00e4tta i b\u00f6rjan av januari.<br \/>\n\t\t\t\t\t\t\t\t\t\t\t\t\tBild:<br \/>\n\t\t\t\t\tHeather Khalifa\/AP\/TT<\/p>\n<p>\t\t\t\t<img decoding=\"async\" class=\"figure-img img-fluid\"  src=\"https:\/\/www.europesays.com\/se\/wp-content\/uploads\/2026\/01\/1768230792_435_bilder.tn.se.jpeg\" alt=\"\" itemprop=\"image\"\/><\/p>\n<p>\t\t\t\t\t\t\t\t\tPresident Donald Trump h\u00e5ller upp ett foto av sig sj\u00e4lv och Rysslands president Vladimir Putin, taget vid ledarnas tr\u00e4ff i Alaska i augusti.<br \/>\n\t\t\t\t\t\t\t\t\t\t\t\t\tBild:<br \/>\n\t\t\t\t\tJacquelyn Martin\/AP\/TT<\/p>\n<p>\t\t\t\t<img decoding=\"async\" class=\"figure-img img-fluid\"  src=\"https:\/\/www.europesays.com\/se\/wp-content\/uploads\/2026\/01\/1768230792_953_bilder.tn.se.jpeg\" alt=\"\" itemprop=\"image\"\/><\/p>\n<p>\t\t\t\t\t\t\t\t\tPresident Donald Trump h\u00e5ller upp sin tabell med strafftullar mot olika l\u00e4nder. Fotot togs p\u00e5 den s\u00e5 kallade &#8221;Liberation Day&#8221; (befrielsedagen) den 2 april i Vita husets rosentr\u00e4dg\u00e5rd.<br \/>\n\t\t\t\t\t\t\t\t\t\t\t\t\tBild:<br \/>\n\t\t\t\t\tMark Schiefelbein\/AP\/TT<\/p>\n<p>\t\t\t\t<img decoding=\"async\" class=\"figure-img img-fluid\"  src=\"https:\/\/www.europesays.com\/se\/wp-content\/uploads\/2026\/01\/1768230793_620_bilder.tn.se.jpeg\" alt=\"\" itemprop=\"image\"\/><\/p>\n<p>\t\t\t\t\t\t\t\t\tOmbyggnad p\u00e5g\u00e5r. P\u00e5 Donald Trumps order revs i h\u00f6stas Vita husets \u00f6stra flygel. D\u00e4r ska en 8\u00a0000 kvadratmeter stor festsal byggas.<br \/>\n\t\t\t\t\t\t\t\t\t\t\t\t\tBild:<br \/>\n\t\t\t\t\tJacquelyn Martin\/AP\/TT<\/p>\n<p>\t\t\t\t<img decoding=\"async\" class=\"figure-img img-fluid\"  src=\"https:\/\/www.europesays.com\/se\/wp-content\/uploads\/2026\/01\/1768230794_179_bilder.tn.se.jpeg\" alt=\"\" itemprop=\"image\"\/><\/p>\n<p>\t\t\t\t\t\t\t\t\tKravallpolis och demonstranter drabbar samma i Minneapolis i Minnesota, d\u00e4r migrationspolisen ICE i januari sk\u00f6t ihj\u00e4l en amerikansk kvinna.<br \/>\n\t\t\t\t\t\t\t\t\t\t\t\t\tBild:<br \/>\n\t\t\t\t\tTom Baker\/AP\/TT<\/p>\n<p>\t\t\t\t<img decoding=\"async\" class=\"figure-img img-fluid\"  src=\"https:\/\/www.europesays.com\/se\/wp-content\/uploads\/2026\/01\/1768230795_243_bilder.tn.se.jpeg\" alt=\"\" itemprop=\"image\"\/><\/p>\n<p>\t\t\t\t\t\t\t\t\tDonald Trumps retorik \u00e4r tydlig i de nya texter som satts upp under tidigare presidenters portr\u00e4tt i Vita huset. Bild fr\u00e5n i mitten av december.<br \/>\n\t\t\t\t\t\t\t\t\t\t\t\t\tBild:<br \/>\n\t\t\t\t\tMark Schiefelbein\/AP\/TT<\/p>\n<p>\t\t\t\t\t\t\t\t\t<strong class=\"facts__subject\"\/><br \/>\n\t\t\t\t\t\t\tFakta<\/p>\n<p class=\"ew-body\">79-\u00e5rige Donald Trump var USA:s 45:e president mellan 2017 och 2021. Den frispr\u00e5kige republikanen misslyckades med att bli omvald 2020 men vann valet 2024. Han \u00e4r nu USA:s 47:e president och inne p\u00e5 sin andra mandatperiod.<\/p>\n<p class=\"ew-body\">Trump var den f\u00f6rsta presidenten i USA som inte hade tidigare erfarenhet som folkvald politiker eller milit\u00e4r. I st\u00e4llet har han \u00e4gnat sitt liv \u00e5t aff\u00e4rer. Hans mest tongivande l\u00f6fte \u00e4r att \u201cg\u00f6ra USA stort igen\u201d (Make America Great Again).<\/p>\n<p class=\"ew-body\">F\u00f6dd i Queens i New York. Har en ekonomexamen med inriktning p\u00e5 fastigheter fr\u00e5n University of Pennsylvania. Trump \u00e4rvde fastigheter av sin far, och byggde med dem som bas ett imperium med fokus p\u00e5 bland annat hotell och golfbanor.<\/p>\n<p class=\"ew-body\">Donald Trump \u00e4r far till fem barn och gift f\u00f6r tredje g\u00e5ngen. Hans hustru och USA:s f\u00f6rsta dam \u00e4r slovensk-amerikanska Melania Trump.<\/p>\n<p>\n\t\tPublicerad:<br \/>\n\t\t12 jan 2026, 15:15\n\t<\/p>\n","protected":false},"excerpt":{"rendered":"USA:S EKONOMI USA:s president Donald Trump, fotograferad p\u00e5 presidentflyget Air Force One i s\u00f6ndags. Bild: Julia Demaree Nikhinson\/AP\/TT&hellip;\n","protected":false},"author":2,"featured_media":133432,"comment_status":"","ping_status":"","sticky":false,"template":"","format":"standard","meta":{"footnotes":""},"categories":[14],"tags":[22,23,26,27,17,21,24,25,28,29,15,16,18,34,31,33,32,30,19,20,51,52,53,54],"class_list":{"0":"post-133431","1":"post","2":"type-post","3":"status-publish","4":"format-standard","5":"has-post-thumbnail","7":"category-varlden","8":"tag-breaking-news","9":"tag-breakingnews","10":"tag-featured-news","11":"tag-featurednews","12":"tag-headlines","13":"tag-huvudnyheter","14":"tag-latest-news","15":"tag-latestnews","16":"tag-main-news","17":"tag-mainnews","18":"tag-news","19":"tag-nyheter","20":"tag-rubriker","21":"tag-se","22":"tag-svenska","23":"tag-sverige","24":"tag-sweden","25":"tag-swedish","26":"tag-top-stories","27":"tag-topstories","28":"tag-varlden","29":"tag-world","30":"tag-world-news","31":"tag-worldnews"},"share_on_mastodon":{"url":"https:\/\/pubeurope.com\/@se\/115882780580908127","error":""},"_links":{"self":[{"href":"https:\/\/www.europesays.com\/se\/wp-json\/wp\/v2\/posts\/133431","targetHints":{"allow":["GET"]}}],"collection":[{"href":"https:\/\/www.europesays.com\/se\/wp-json\/wp\/v2\/posts"}],"about":[{"href":"https:\/\/www.europesays.com\/se\/wp-json\/wp\/v2\/types\/post"}],"author":[{"embeddable":true,"href":"https:\/\/www.europesays.com\/se\/wp-json\/wp\/v2\/users\/2"}],"replies":[{"embeddable":true,"href":"https:\/\/www.europesays.com\/se\/wp-json\/wp\/v2\/comments?post=133431"}],"version-history":[{"count":0,"href":"https:\/\/www.europesays.com\/se\/wp-json\/wp\/v2\/posts\/133431\/revisions"}],"wp:featuredmedia":[{"embeddable":true,"href":"https:\/\/www.europesays.com\/se\/wp-json\/wp\/v2\/media\/133432"}],"wp:attachment":[{"href":"https:\/\/www.europesays.com\/se\/wp-json\/wp\/v2\/media?parent=133431"}],"wp:term":[{"taxonomy":"category","embeddable":true,"href":"https:\/\/www.europesays.com\/se\/wp-json\/wp\/v2\/categories?post=133431"},{"taxonomy":"post_tag","embeddable":true,"href":"https:\/\/www.europesays.com\/se\/wp-json\/wp\/v2\/tags?post=133431"}],"curies":[{"name":"wp","href":"https:\/\/api.w.org\/{rel}","templated":true}]}}