{"id":133434,"date":"2026-01-12T15:15:25","date_gmt":"2026-01-12T15:15:25","guid":{"rendered":"https:\/\/www.europesays.com\/se\/133434\/"},"modified":"2026-01-12T15:15:25","modified_gmt":"2026-01-12T15:15:25","slug":"vill-du-gora-en-insats-for-demokratin","status":"publish","type":"post","link":"https:\/\/www.europesays.com\/se\/133434\/","title":{"rendered":"Vill du g\u00f6ra en insats f\u00f6r demokratin?"},"content":{"rendered":"<p class=\"normal\">Den 13 september \u00e4r det val till riksdag, region- och kommunfullm\u00e4ktige. Som r\u00f6stmottagare arbetar du i vallokalen med att hj\u00e4lpa medborgare att r\u00f6sta. Det inneb\u00e4r att du delar ut valkuvert, h\u00e5ller ordning p\u00e5 valsedlar, tar emot r\u00f6ster, f\u00f6r in dem i r\u00f6stl\u00e4ngden och r\u00e4knar r\u00f6sterna p\u00e5 kv\u00e4llen efter att vallokalen st\u00e4nger.<\/p>\n<p class=\"normal\">Arbetet inneb\u00e4r \u00e4ven iordningst\u00e4llande av vallokalen p\u00e5 f\u00f6rmiddagen dagen f\u00f6re valdagen. D\u00e5 finns det \u00e4ven m\u00f6jlighet att st\u00e4mma av praktiska fr\u00e5gor med ditt team.<\/p>\n<p class=\"normal\">I varje vallokal finns det en ordf\u00f6rande och vice ordf\u00f6rande. De leder arbetet i vallokalen och \u00e4r ytterst ansvariga f\u00f6r att r\u00f6stmottagningen g\u00e5r korrekt till. Det \u00e4r respektive ordf\u00f6rande i vallokalen som s\u00e4tter arbetsschemat f\u00f6r varje enskild vallokal.<\/p>\n<p class=\"normal\">Du beh\u00f6ver ha fyllt 18 \u00e5r, vara noggrann och inte vara aktiv politiker. Som r\u00f6stmottagare f\u00e5r du \u00e4ven ers\u00e4ttning.<\/p>\n<p class=\"normal\">\u2013 I vallokalen brukar det vara en glad och positiv st\u00e4mning, m\u00e5nga tycker att det \u00e4r h\u00f6gtidligt att r\u00f6sta. D\u00e4rf\u00f6r k\u00e4nns det meningsfullt att hj\u00e4lpa v\u00e5ra medborgare att anv\u00e4nda sin r\u00f6str\u00e4tt, s\u00e4ger Lina Tilly, som har arbetat som r\u00f6stmottagare.<\/p>\n<p class=\"normal\">I Mj\u00f6lby kommun s\u00f6ker vi cirka 185 r\u00f6stmottagare.<\/p>\n<p class=\"normal\">\u2013 Det \u00e4r ett j\u00e4tteviktigt uppdrag f\u00f6r att v\u00e5ra demokratiska val ska fungera. V\u00e5ra r\u00f6stmottagare \u00e4r valorganisationens viktigaste resurs, s\u00e4ger Elisabeth Moborg, valn\u00e4mndens ordf\u00f6rande.<\/p>\n<p>Anm\u00e4lan och utbildning<\/p>\n<p class=\"normal\">Inf\u00f6r varje val f\u00e5r r\u00f6stmottagare g\u00e5 en utbildning. Nytt f\u00f6r i \u00e5r \u00e4r att det blir en digital webbutbildning som kan genomf\u00f6ras n\u00e4r det passar dig. Du kommer \u00e4ven f\u00e5 g\u00f6ra fysiska \u00f6vningar med st\u00f6d fr\u00e5n Valmyndigheten.<\/p>\n<p class=\"normal\">Du anm\u00e4ler ditt intresse via v\u00e5r e-tj\u00e4nst: <a href=\"https:\/\/minasidor.mjolby.se\/oversikt\/overview\/422\" rel=\"external nofollow noopener\" target=\"_blank\">R\u00f6stmottagare vid val- intresseanm\u00e4lan L\u00e4nk till annan webbplats, \u00f6ppnas i nytt f\u00f6nster.<\/a><\/p>\n","protected":false},"excerpt":{"rendered":"Den 13 september \u00e4r det val till riksdag, region- och kommunfullm\u00e4ktige. Som r\u00f6stmottagare arbetar du i vallokalen med&hellip;\n","protected":false},"author":2,"featured_media":42720,"comment_status":"","ping_status":"","sticky":false,"template":"","format":"standard","meta":{"footnotes":""},"categories":[5],"tags":[22,23,26,27,17,21,24,25,28,29,15,16,18,34,31,33,32,30,19,20],"class_list":{"0":"post-133434","1":"post","2":"type-post","3":"status-publish","4":"format-standard","5":"has-post-thumbnail","7":"category-rubriker","8":"tag-breaking-news","9":"tag-breakingnews","10":"tag-featured-news","11":"tag-featurednews","12":"tag-headlines","13":"tag-huvudnyheter","14":"tag-latest-news","15":"tag-latestnews","16":"tag-main-news","17":"tag-mainnews","18":"tag-news","19":"tag-nyheter","20":"tag-rubriker","21":"tag-se","22":"tag-svenska","23":"tag-sverige","24":"tag-sweden","25":"tag-swedish","26":"tag-top-stories","27":"tag-topstories"},"share_on_mastodon":{"url":"https:\/\/pubeurope.com\/@se\/115882788309748242","error":""},"_links":{"self":[{"href":"https:\/\/www.europesays.com\/se\/wp-json\/wp\/v2\/posts\/133434","targetHints":{"allow":["GET"]}}],"collection":[{"href":"https:\/\/www.europesays.com\/se\/wp-json\/wp\/v2\/posts"}],"about":[{"href":"https:\/\/www.europesays.com\/se\/wp-json\/wp\/v2\/types\/post"}],"author":[{"embeddable":true,"href":"https:\/\/www.europesays.com\/se\/wp-json\/wp\/v2\/users\/2"}],"replies":[{"embeddable":true,"href":"https:\/\/www.europesays.com\/se\/wp-json\/wp\/v2\/comments?post=133434"}],"version-history":[{"count":0,"href":"https:\/\/www.europesays.com\/se\/wp-json\/wp\/v2\/posts\/133434\/revisions"}],"wp:featuredmedia":[{"embeddable":true,"href":"https:\/\/www.europesays.com\/se\/wp-json\/wp\/v2\/media\/42720"}],"wp:attachment":[{"href":"https:\/\/www.europesays.com\/se\/wp-json\/wp\/v2\/media?parent=133434"}],"wp:term":[{"taxonomy":"category","embeddable":true,"href":"https:\/\/www.europesays.com\/se\/wp-json\/wp\/v2\/categories?post=133434"},{"taxonomy":"post_tag","embeddable":true,"href":"https:\/\/www.europesays.com\/se\/wp-json\/wp\/v2\/tags?post=133434"}],"curies":[{"name":"wp","href":"https:\/\/api.w.org\/{rel}","templated":true}]}}