{"id":133446,"date":"2026-01-12T15:25:22","date_gmt":"2026-01-12T15:25:22","guid":{"rendered":"https:\/\/www.europesays.com\/se\/133446\/"},"modified":"2026-01-12T15:25:22","modified_gmt":"2026-01-12T15:25:22","slug":"sa-jobbar-djurgarden-for-att-ersatta-keita-kosugi-bara-mojligheter-allsvenskan","status":"publish","type":"post","link":"https:\/\/www.europesays.com\/se\/133446\/","title":{"rendered":"S\u00e5 jobbar Djurg\u00e5rden f\u00f6r att ers\u00e4tta Keita Kosugi: \u201dBara m\u00f6jligheter\u201d | Allsvenskan"},"content":{"rendered":"<p>Publicerad 11 jan 2026 kl 19.00Uppdaterad kl 20.55<\/p>\n<p>PremiumDjurg\u00e5rden har s\u00e5lt Keita Kosugi till Eintracht Frankfurt \u2013\u00a0och st\u00e5r nu utan v\u00e4nsterback i seniortruppen.<\/p>\n<p>Men det tycks inte vara sj\u00e4lvklart att en ers\u00e4ttare k\u00f6ps in.<\/p>\n<p>\u2013\u00a0Vi f\u00e5r v\u00e4rdera det vartefter, hur vi k\u00e4nner oss \u2013 och det har vi tid p\u00e5 oss att g\u00f6ra, s\u00e4ger sportchefen Bosse Andersson.<\/p>\n<p><img   alt=\"\"\/><\/p>\n<p>Tr\u00e4nare Jani Honkavaara.<\/p>\n<p>Foto: EMMA WALLSKOG \/ BILDBYR\u00c5N<\/p>\n<p>\u00d6ppna bild i helsk\u00e4rm<img loading=\"lazy\"   alt=\"\"\/><\/p>\n<p>Sportchef Bosse Andersson.<\/p>\n<p>Foto: EMMA WALLSKOG \/ BILDBYR\u00c5N<\/p>\n<p>\u00d6ppna bild i helsk\u00e4rm<\/p>\n","protected":false},"excerpt":{"rendered":"Publicerad 11 jan 2026 kl 19.00Uppdaterad kl 20.55 PremiumDjurg\u00e5rden har s\u00e5lt Keita Kosugi till Eintracht Frankfurt \u2013\u00a0och st\u00e5r&hellip;\n","protected":false},"author":2,"featured_media":133447,"comment_status":"","ping_status":"","sticky":false,"template":"","format":"standard","meta":{"footnotes":""},"categories":[68],"tags":[554,2348,103,34,130,129,111,110,31,33,32,30],"class_list":{"0":"post-133446","1":"post","2":"type-post","3":"status-publish","4":"format-standard","5":"has-post-thumbnail","7":"category-sport","8":"tag-organization-djurgarden-fotboll","9":"tag-person-bosse-andersson","10":"tag-premium","11":"tag-se","12":"tag-sections-allsvenskan","13":"tag-sections-fotboll","14":"tag-sport","15":"tag-sports","16":"tag-svenska","17":"tag-sverige","18":"tag-sweden","19":"tag-swedish"},"share_on_mastodon":{"url":"https:\/\/pubeurope.com\/@se\/115882827706844580","error":""},"_links":{"self":[{"href":"https:\/\/www.europesays.com\/se\/wp-json\/wp\/v2\/posts\/133446","targetHints":{"allow":["GET"]}}],"collection":[{"href":"https:\/\/www.europesays.com\/se\/wp-json\/wp\/v2\/posts"}],"about":[{"href":"https:\/\/www.europesays.com\/se\/wp-json\/wp\/v2\/types\/post"}],"author":[{"embeddable":true,"href":"https:\/\/www.europesays.com\/se\/wp-json\/wp\/v2\/users\/2"}],"replies":[{"embeddable":true,"href":"https:\/\/www.europesays.com\/se\/wp-json\/wp\/v2\/comments?post=133446"}],"version-history":[{"count":0,"href":"https:\/\/www.europesays.com\/se\/wp-json\/wp\/v2\/posts\/133446\/revisions"}],"wp:featuredmedia":[{"embeddable":true,"href":"https:\/\/www.europesays.com\/se\/wp-json\/wp\/v2\/media\/133447"}],"wp:attachment":[{"href":"https:\/\/www.europesays.com\/se\/wp-json\/wp\/v2\/media?parent=133446"}],"wp:term":[{"taxonomy":"category","embeddable":true,"href":"https:\/\/www.europesays.com\/se\/wp-json\/wp\/v2\/categories?post=133446"},{"taxonomy":"post_tag","embeddable":true,"href":"https:\/\/www.europesays.com\/se\/wp-json\/wp\/v2\/tags?post=133446"}],"curies":[{"name":"wp","href":"https:\/\/api.w.org\/{rel}","templated":true}]}}