{"id":133450,"date":"2026-01-12T15:27:07","date_gmt":"2026-01-12T15:27:07","guid":{"rendered":"https:\/\/www.europesays.com\/se\/133450\/"},"modified":"2026-01-12T15:27:07","modified_gmt":"2026-01-12T15:27:07","slug":"nu-gar-det-inte-langre-att-aktivera-windows-via-telefon","status":"publish","type":"post","link":"https:\/\/www.europesays.com\/se\/133450\/","title":{"rendered":"Nu g\u00e5r det inte l\u00e4ngre att aktivera Windows via telefon"},"content":{"rendered":"<p>Sajten <a href=\"https:\/\/idg.digidip.net\/visit?url=https:\/\/www.windowslatest.com\/2026\/01\/10\/microsoft-confirms-its-killing-offline-phone-based-activation-method-for-windows-11-after-20-years\/&amp;currurl=https:\/\/www.pcforalla.se\/article\/3029503\/nu-gar-det-inte-langre-att-aktivera-windows-via-telefon.html&amp;ref=8-1-3029503-1-0-0-0-0\" data-type=\"link\" data-id=\"https:\/\/www.windowslatest.com\/2026\/01\/10\/microsoft-confirms-its-killing-offline-phone-based-activation-method-for-windows-11-after-20-years\/\" rel=\"nofollow noopener\" data-subtag=\"8-1-3029503-1-0-0-0-0\" data-domain-name=\"windowslatest\" target=\"_blank\">Windows Latest<\/a> uppm\u00e4rksammar att det inte l\u00e4ngre g\u00e5r att aktivera Windows eller Microsoft Office via telefon.<\/p>\n<p>Telefonalternativet f\u00f6rsvann redan den 3 december, men f\u00e5 anv\u00e4ndare l\u00e4r ha m\u00e4rkt av f\u00f6r\u00e4ndringen.<\/p>\n<p>Troligtvis valde Microsoft att plocka bort alternativet p\u00e5 grund av l\u00e5gt intresse fr\u00e5n allm\u00e4nheten, men det f\u00f6rekommer \u00e4ven spekulationer om att det kan vara ett s\u00e4tt att tvinga anv\u00e4ndarna att skaffa ett Microsoft-konto.<\/p>\n","protected":false},"excerpt":{"rendered":"Sajten Windows Latest uppm\u00e4rksammar att det inte l\u00e4ngre g\u00e5r att aktivera Windows eller Microsoft Office via telefon. Telefonalternativet&hellip;\n","protected":false},"author":2,"featured_media":133451,"comment_status":"","ping_status":"","sticky":false,"template":"","format":"standard","meta":{"footnotes":""},"categories":[66],"tags":[80,78,79,34,31,33,32,30,81,84,83,82],"class_list":{"0":"post-133450","1":"post","2":"type-post","3":"status-publish","4":"format-standard","5":"has-post-thumbnail","7":"category-vetenskap-och-teknik","8":"tag-science","9":"tag-science-and-technology","10":"tag-scienceandtechnology","11":"tag-se","12":"tag-svenska","13":"tag-sverige","14":"tag-sweden","15":"tag-swedish","16":"tag-technology","17":"tag-teknik","18":"tag-vetenskap","19":"tag-vetenskapteknik"},"share_on_mastodon":{"url":"https:\/\/pubeurope.com\/@se\/115882835585607303","error":""},"_links":{"self":[{"href":"https:\/\/www.europesays.com\/se\/wp-json\/wp\/v2\/posts\/133450","targetHints":{"allow":["GET"]}}],"collection":[{"href":"https:\/\/www.europesays.com\/se\/wp-json\/wp\/v2\/posts"}],"about":[{"href":"https:\/\/www.europesays.com\/se\/wp-json\/wp\/v2\/types\/post"}],"author":[{"embeddable":true,"href":"https:\/\/www.europesays.com\/se\/wp-json\/wp\/v2\/users\/2"}],"replies":[{"embeddable":true,"href":"https:\/\/www.europesays.com\/se\/wp-json\/wp\/v2\/comments?post=133450"}],"version-history":[{"count":0,"href":"https:\/\/www.europesays.com\/se\/wp-json\/wp\/v2\/posts\/133450\/revisions"}],"wp:featuredmedia":[{"embeddable":true,"href":"https:\/\/www.europesays.com\/se\/wp-json\/wp\/v2\/media\/133451"}],"wp:attachment":[{"href":"https:\/\/www.europesays.com\/se\/wp-json\/wp\/v2\/media?parent=133450"}],"wp:term":[{"taxonomy":"category","embeddable":true,"href":"https:\/\/www.europesays.com\/se\/wp-json\/wp\/v2\/categories?post=133450"},{"taxonomy":"post_tag","embeddable":true,"href":"https:\/\/www.europesays.com\/se\/wp-json\/wp\/v2\/tags?post=133450"}],"curies":[{"name":"wp","href":"https:\/\/api.w.org\/{rel}","templated":true}]}}