{"id":133454,"date":"2026-01-12T15:30:10","date_gmt":"2026-01-12T15:30:10","guid":{"rendered":"https:\/\/www.europesays.com\/se\/133454\/"},"modified":"2026-01-12T15:30:10","modified_gmt":"2026-01-12T15:30:10","slug":"12-januari-16-01-forsvunnen-person-uddevalla","status":"publish","type":"post","link":"https:\/\/www.europesays.com\/se\/133454\/","title":{"rendered":"12 januari 16.01, F\u00f6rsvunnen person, Uddevalla"},"content":{"rendered":"<p>Har du gjort n\u00e5gon iakttagelse eller finns det en kamera, kanske p\u00e5 en husv\u00e4gg eller bil, som kan ha filmat eller fotograferat kvinnan? \u00a0De omr\u00e5den som \u00e4r extra intressanta \u00e4r Kapellev\u00e4gen, Bratter\u00f6dsv\u00e4gen, S\u00f6rk\u00e4llegatan, Timansv\u00e4gen och Tureborg, men alla kameror i Uddevalla som kan ha f\u00e5ngat kvinnan \u00e4r av intresse. De tidpunkter som fokuseras p\u00e5 nu \u00e4r tisdagen den 6 januari fr\u00e5n och med kl. 17.00 till onsdagen den 7 januari cirka kl. 13.00.<\/p>\n<p>Har du film\/foto fr\u00e5n n\u00e5got att dessa omr\u00e5den, tips eller annan information om kvinnan, kontakta i s\u00e5 fall polisen p\u00e5 telefon 114 14 eller via \u201dTipsa polisen\u201d p\u00e5 Polisen.se<\/p>\n","protected":false},"excerpt":{"rendered":"Har du gjort n\u00e5gon iakttagelse eller finns det en kamera, kanske p\u00e5 en husv\u00e4gg eller bil, som kan&hellip;\n","protected":false},"author":2,"featured_media":54,"comment_status":"","ping_status":"","sticky":false,"template":"","format":"standard","meta":{"footnotes":""},"categories":[12],"tags":[22,23,26,27,17,21,24,25,28,29,15,16,18,34,31,33,32,30,19,20],"class_list":{"0":"post-133454","1":"post","2":"type-post","3":"status-publish","4":"format-standard","5":"has-post-thumbnail","7":"category-sverige","8":"tag-breaking-news","9":"tag-breakingnews","10":"tag-featured-news","11":"tag-featurednews","12":"tag-headlines","13":"tag-huvudnyheter","14":"tag-latest-news","15":"tag-latestnews","16":"tag-main-news","17":"tag-mainnews","18":"tag-news","19":"tag-nyheter","20":"tag-rubriker","21":"tag-se","22":"tag-svenska","23":"tag-sverige","24":"tag-sweden","25":"tag-swedish","26":"tag-top-stories","27":"tag-topstories"},"share_on_mastodon":{"url":"https:\/\/pubeurope.com\/@se\/115882847396077398","error":""},"_links":{"self":[{"href":"https:\/\/www.europesays.com\/se\/wp-json\/wp\/v2\/posts\/133454","targetHints":{"allow":["GET"]}}],"collection":[{"href":"https:\/\/www.europesays.com\/se\/wp-json\/wp\/v2\/posts"}],"about":[{"href":"https:\/\/www.europesays.com\/se\/wp-json\/wp\/v2\/types\/post"}],"author":[{"embeddable":true,"href":"https:\/\/www.europesays.com\/se\/wp-json\/wp\/v2\/users\/2"}],"replies":[{"embeddable":true,"href":"https:\/\/www.europesays.com\/se\/wp-json\/wp\/v2\/comments?post=133454"}],"version-history":[{"count":0,"href":"https:\/\/www.europesays.com\/se\/wp-json\/wp\/v2\/posts\/133454\/revisions"}],"wp:featuredmedia":[{"embeddable":true,"href":"https:\/\/www.europesays.com\/se\/wp-json\/wp\/v2\/media\/54"}],"wp:attachment":[{"href":"https:\/\/www.europesays.com\/se\/wp-json\/wp\/v2\/media?parent=133454"}],"wp:term":[{"taxonomy":"category","embeddable":true,"href":"https:\/\/www.europesays.com\/se\/wp-json\/wp\/v2\/categories?post=133454"},{"taxonomy":"post_tag","embeddable":true,"href":"https:\/\/www.europesays.com\/se\/wp-json\/wp\/v2\/tags?post=133454"}],"curies":[{"name":"wp","href":"https:\/\/api.w.org\/{rel}","templated":true}]}}