{"id":133456,"date":"2026-01-12T15:33:08","date_gmt":"2026-01-12T15:33:08","guid":{"rendered":"https:\/\/www.europesays.com\/se\/133456\/"},"modified":"2026-01-12T15:33:08","modified_gmt":"2026-01-12T15:33:08","slug":"lina-ljungblom-uttagen-till-os-for-tre-kronor","status":"publish","type":"post","link":"https:\/\/www.europesays.com\/se\/133456\/","title":{"rendered":"Lina Ljungblom uttagen till\u00a0OS\u00a0f\u00f6r\u00a0Tre\u00a0Kronor"},"content":{"rendered":"<p>PWHL-stj\u00e4rnorna tillbaka<a data-test-tag=\"internal-link\" href=\"https:\/\/www.aftonbladet.se\/av\/jonathan-nilsson\" class=\"hyperion-css-13ns1rr\" rel=\"nofollow noopener\" target=\"\" aria-label=\"Se alla artiklar av Jonathan Knekta\"><img decoding=\"async\" class=\"image-asset hyperion-css-n6kkq1\" data-test-tag=\"image-asset\" src=\"https:\/\/www.europesays.com\/se\/wp-content\/uploads\/2026\/01\/1768231988_937_0fe4a4f9-ff14-4ac8-9abc-4e04bf7ba698.png\"  alt=\"\"  loading=\"lazy\" fetchpriority=\"auto\" style=\"aspect-ratio:1900 \/ 1900\"\/><\/a><\/p>\n<p class=\"boxtextgrotesk-root_baa6 hyperion-css-1w346fg\">Uppdaterad 14.22 | Publicerad 13.37<\/p>\n<p>share-arrowDela<\/p>\n<p>unsaveSpara<\/p>\n<p>Lyssna p\u00e5 artikelnLyssna p\u00e5&#8230;<\/p>\n<p>expand-left<\/p>\n<p>helsk\u00e4rm<img decoding=\"async\" class=\"image-asset hyperion-css-u06ts1\" data-test-tag=\"image-asset\" src=\"https:\/\/www.europesays.com\/se\/wp-content\/uploads\/2026\/01\/ce3e370e-d785-4b6c-94ea-45a6f4fc6f82.jpeg\"  alt=\"Lina Ljungblom.\"  loading=\"eager\" fetchpriority=\"high\" style=\"aspect-ratio:1900 \/ 1267\"\/>Lina Ljungblom. Foto: Emma Wallskog \/ Bildbyr\u00e5n<\/p>\n<p class=\"hyperion-css-1shl3oz\" data-test-tag=\"lead-text\">Det var l\u00e5ngt ifr\u00e5n s\u00e4kert.<\/p>\n<p class=\"hyperion-css-1shl3oz\" data-test-tag=\"lead-text\">Men Lina Ljungblom, 24, ska spela OS f\u00f6r Tre Kronor.<\/p>\n<p class=\"hyperion-css-1shl3oz\" data-test-tag=\"lead-text\">\u2013 Jag tror och hoppas att hon hinner komma i form, s\u00e4ger f\u00f6rbundskapten Ulf Lundberg.<\/p>\n<p class=\"hyperion-css-1v9qo5x\">Montreal Victoire-forwarden har bara gjort tv\u00e5 matcher i den nordamerikanska proffsligan PWHL den h\u00e4r s\u00e4songen. Den f\u00f6rsta s\u00e5 sent som den 4 januari.<\/p>\n<p class=\"hyperion-css-1v9qo5x\">\u2013 Hon har brottats med sjukdom under en stor del av den h\u00e4r PWHL-s\u00e4songen. Nu har hon spelat tv\u00e5 matcher och jag tror och hoppas att hon hinner komma i form, s\u00e4ger Ulf Lundberg och till\u00e4gger:<\/p>\n<p class=\"hyperion-css-1v9qo5x\">\u2013 F\u00f6r vi beh\u00f6ver den d\u00e4r Sk\u00f6vdetjejen som sl\u00e5r d\u00f6rrar i slamsor.<\/p>\n<p class=\"hyperion-css-1v9qo5x\">Ljungblom \u00e4r inne p\u00e5 sin andra s\u00e4song i Montreal. Hon har gjort 145 po\u00e4ng p\u00e5 152 matcher f\u00f6r Modo och HV71 i SDHL.<\/p>\n<p>Stj\u00e4rnan tillbaka<\/p>\n<p class=\"hyperion-css-1v9qo5x\">OS-truppen presenterades p\u00e5 en presstr\u00e4ff under m\u00e5ndagen.<\/p>\n<p class=\"hyperion-css-1v9qo5x\">D\u00e4r ing\u00e5r \u00e4ven stj\u00e4rnbacken Maja Nyl\u00e9n Persson, 25, som inte har spelat i landslaget sedan OS-kvalet i februari och missade v\u00e5rens VM-turnering p\u00e5 grund av skada.<\/p>\n<p class=\"hyperion-css-1v9qo5x\">\u2013 Det \u00e4r spets. Riktigt spets. Just att kunna hantera puck, klubba och ta bra beslut i utsatta situationer. D\u00e4r \u00e4r hon nummer ett, s\u00e4ger Ulf Lundberg.<\/p>\n<p>Elva i Nordamerika<\/p>\n<p class=\"hyperion-css-1v9qo5x\">Elva spelare lirar i Nordamerika och tolv spelar i Sverige till vardags.<\/p>\n<p class=\"hyperion-css-1v9qo5x\">OS-hockeyn p\u00e5 damsidan best\u00e5r av tv\u00e5 grupper, d\u00e4r lagen i grupp A \u00e4r garanterade platser i kvartsfinal.<\/p>\n<p class=\"hyperion-css-1v9qo5x\">Sverige spelar i grupp B d\u00e4r de tre b\u00e4sta g\u00e5r vidare till kvartsfinal. Tyskland v\u00e4ntar i premi\u00e4ren den 5 februari. \u00d6vriga gruppmotst\u00e5ndare \u00e4r Japan, Frankrike och Italien.<\/p>\n<p>FAKTATre Kronors OS-trupp<\/p>\n<p class=\"hyperion-css-jonaf8\"><strong>M\u00e5lvakter<\/strong><br \/>1 Ebba Svensson Tr\u00e4ff, Link\u00f6ping HC<br \/>30 Emma S\u00f6derberg, SDE HF<br \/>35 Tindra Holm, MoDo Hockey<\/p>\n<p class=\"hyperion-css-jonaf8\"><strong>Backar<\/strong><br \/>4 Linn\u00e9a Andersson, MoDo Hockey<br \/>7 Mira Jung\u00e5ker, Ohio State University<br \/>9 Jessica Adolfsson, SDE HF<br \/>12 Maja Nyl\u00e9n-Persson, New York Sirens<br \/>14 Ida Karlsson, University of Minnesota-Duluth<br \/>55 Jenna Raunio, Ohio State University<br \/>71 Anna Kjellbin, Toronto Sceptres<\/p>\n<p class=\"hyperion-css-jonaf8\"><strong>Forwards<\/strong><br \/>8 Hilda Svensson, Ohio State University<br \/>11 Josefin Bouveng, University of Minnesota<br \/>15 Lisa Johansson, SDE HF<br \/>17 Sofie Lundin, Fr\u00f6lunda HC<br \/>19 Sara Hjalmarsson, Toronto Sceptres<br \/>22 Hanna Thuvik, Bryn\u00e4s IF<br \/>23 Thea Johansson, University of Minnesota-Duluth<br \/>24 Ebba Hedqvist, MoDo Hockey<br \/>25 Lina Ljungblom, Montr\u00e9al Victorie<br \/>26 Hanna Olsson, Fr\u00f6lunda HC<br \/>29 Felizia Wikner-Zienkiewicz, Fr\u00f6lunda HC<br \/>34 Mira Hallin, MoDo Hockey<br \/>89 Nicole Hall, Penn State University<\/p>\n<p>L\u00e4s merFAKTATre Kronors spelschema i OS<\/p>\n<p class=\"hyperion-css-jonaf8\"><strong>Torsdag 5 februari<\/strong><br \/>12.10 Sverige-Tyskland, Milano Rho Ice Hockey Arena<\/p>\n<p class=\"hyperion-css-jonaf8\"><strong>L\u00f6rdag 7 februari<\/strong><br \/>14.40 Sverige-Italien, Milano Santagiulia Ice Hockey Arena<\/p>\n<p class=\"hyperion-css-jonaf8\"><strong>S\u00f6ndag 8 februari<\/strong><br \/>16.40 Sverige-Frankrike, Milano Rho Ice Hockey Arena<\/p>\n<p class=\"hyperion-css-jonaf8\"><strong>Tisdag 10 februari<\/strong><br \/>12.10 Sverige-Japan, Milano Rho Ice Hockey Arena<\/p>\n<p class=\"hyperion-css-jonaf8\">Schema d\u00e4refter \u00e4r beroende av resultat i gruppspelet.<\/p>\n<p class=\"hyperion-css-jonaf8\">OS s\u00e4nds i SVT, TV4 och Max, samt Radiosporten.<\/p>\n<p>L\u00e4s mer<\/p>\n<p class=\"hyperion-css-1v9qo5x\">arrow <strong><a aria-label=\"TIPPA SHL-PROFETEN: \" class=\"sportbladet hyperion-css-15jkft9\" href=\"https:\/\/malservice.aftonbladet.se\/profeten\/season\/70\/matcher\" rel=\"noopener noreferrer nofollow\" data-test-tag=\"external-link\" target=\"_blank\">TIPPA SHL-PROFETEN: <\/a><\/strong><strong><a aria-label=\"Hur g\u00e5r det i SHL-matcherna? Tippa och utmana v\u00e4nner \" class=\"sportbladet hyperion-css-15jkft9\" href=\"https:\/\/malservice.aftonbladet.se\/profeten\/season\/70\/matcher\" rel=\"noopener noreferrer nofollow\" data-test-tag=\"external-link\" target=\"_blank\">Hur g\u00e5r det i SHL-matcherna? Tippa och utmana v\u00e4nner <\/a><\/strong>check<strong><a aria-label=\" Januari-t\u00e4vlingen \u00e4r \u00f6ppen!\" class=\"sportbladet hyperion-css-15jkft9\" href=\"https:\/\/malservice.aftonbladet.se\/profeten\/season\/70\/matcher\" rel=\"noopener noreferrer nofollow\" data-test-tag=\"external-link\" target=\"_blank\"> Januari-t\u00e4vlingen \u00e4r \u00f6ppen!<\/a><\/strong><\/p>\n<p class=\"hyperion-css-1v9qo5x\">Annons<br \/><strong><a aria-label=\"Streama hela SHL-s\u00e4songen p\u00e5 TV4 Play\" class=\"sportbladet hyperion-css-15jkft9\" href=\"https:\/\/www.tv4play.se\/kampanj\/sportbladet?utm_source=salj&amp;utm_medium=paid&amp;utm_campaign=artikel_2025\" rel=\"noopener nofollow noreferrer\" data-test-tag=\"external-link\" target=\"_blank\">Streama hela SHL-s\u00e4songen p\u00e5 TV4 Play<\/a><\/strong><\/p>\n","protected":false},"excerpt":{"rendered":"PWHL-stj\u00e4rnorna tillbaka Uppdaterad 14.22 | Publicerad 13.37 share-arrowDela unsaveSpara Lyssna p\u00e5 artikelnLyssna p\u00e5&#8230; expand-left helsk\u00e4rmLina Ljungblom. Foto: Emma&hellip;\n","protected":false},"author":2,"featured_media":133457,"comment_status":"","ping_status":"","sticky":false,"template":"","format":"standard","meta":{"footnotes":""},"categories":[68],"tags":[34,111,110,31,33,32,30],"class_list":{"0":"post-133456","1":"post","2":"type-post","3":"status-publish","4":"format-standard","5":"has-post-thumbnail","7":"category-sport","8":"tag-se","9":"tag-sport","10":"tag-sports","11":"tag-svenska","12":"tag-sverige","13":"tag-sweden","14":"tag-swedish"},"share_on_mastodon":{"url":"https:\/\/pubeurope.com\/@se\/115882859213933583","error":""},"_links":{"self":[{"href":"https:\/\/www.europesays.com\/se\/wp-json\/wp\/v2\/posts\/133456","targetHints":{"allow":["GET"]}}],"collection":[{"href":"https:\/\/www.europesays.com\/se\/wp-json\/wp\/v2\/posts"}],"about":[{"href":"https:\/\/www.europesays.com\/se\/wp-json\/wp\/v2\/types\/post"}],"author":[{"embeddable":true,"href":"https:\/\/www.europesays.com\/se\/wp-json\/wp\/v2\/users\/2"}],"replies":[{"embeddable":true,"href":"https:\/\/www.europesays.com\/se\/wp-json\/wp\/v2\/comments?post=133456"}],"version-history":[{"count":0,"href":"https:\/\/www.europesays.com\/se\/wp-json\/wp\/v2\/posts\/133456\/revisions"}],"wp:featuredmedia":[{"embeddable":true,"href":"https:\/\/www.europesays.com\/se\/wp-json\/wp\/v2\/media\/133457"}],"wp:attachment":[{"href":"https:\/\/www.europesays.com\/se\/wp-json\/wp\/v2\/media?parent=133456"}],"wp:term":[{"taxonomy":"category","embeddable":true,"href":"https:\/\/www.europesays.com\/se\/wp-json\/wp\/v2\/categories?post=133456"},{"taxonomy":"post_tag","embeddable":true,"href":"https:\/\/www.europesays.com\/se\/wp-json\/wp\/v2\/tags?post=133456"}],"curies":[{"name":"wp","href":"https:\/\/api.w.org\/{rel}","templated":true}]}}