{"id":133466,"date":"2026-01-12T15:39:11","date_gmt":"2026-01-12T15:39:11","guid":{"rendered":"https:\/\/www.europesays.com\/se\/133466\/"},"modified":"2026-01-12T15:39:11","modified_gmt":"2026-01-12T15:39:11","slug":"gator-i-visby-avstangda-ikvall-pa-grund-av-bortforsling-av-sno","status":"publish","type":"post","link":"https:\/\/www.europesays.com\/se\/133466\/","title":{"rendered":"Gator i Visby avst\u00e4ngda ikv\u00e4ll p\u00e5 grund av bortforsling av sn\u00f6"},"content":{"rendered":"<p class=\"font-normal\">Fr\u00e5n och med klockan 20.00 ikv\u00e4ll m\u00e5ndagen den 12 januari kommer tv\u00e5 gator st\u00e4ngas av i Visby p\u00e5 grund av bortforsling av de stora sn\u00f6m\u00e4ngder som finns i omr\u00e5det. Sn\u00f6r\u00f6jning startar p\u00e5 Follingbov\u00e4g och d\u00e4refter forts\u00e4tter arbetet p\u00e5 Norra Hansegatan. Under n\u00e5gra timmar kommer det vara mycket begr\u00e4nsad framkomlighet p\u00e5 dessa gator.<\/p>\n<p class=\"font-normal\">Sn\u00f6r\u00f6jarna p\u00e5 Region Gotland v\u00e4djar nu till trafikanter att v\u00e4lja annan v\u00e4g f\u00f6r att underl\u00e4tta arbetet som ber\u00e4knas vara klar runt 05.00 i morgon bitti.<\/p>\n","protected":false},"excerpt":{"rendered":"Fr\u00e5n och med klockan 20.00 ikv\u00e4ll m\u00e5ndagen den 12 januari kommer tv\u00e5 gator st\u00e4ngas av i Visby p\u00e5&hellip;\n","protected":false},"author":2,"featured_media":3804,"comment_status":"","ping_status":"","sticky":false,"template":"","format":"standard","meta":{"footnotes":""},"categories":[5],"tags":[22,23,13493,13490,13491,26,27,17,21,24,25,28,29,15,16,18,34,13494,13492,13495,31,33,32,30,19,20],"class_list":{"0":"post-133466","1":"post","2":"type-post","3":"status-publish","4":"format-standard","5":"has-post-thumbnail","7":"category-rubriker","8":"tag-breaking-news","9":"tag-breakingnews","10":"tag-drift","11":"tag-driftmeddelande","12":"tag-driftmeddelanden","13":"tag-featured-news","14":"tag-featurednews","15":"tag-headlines","16":"tag-huvudnyheter","17":"tag-latest-news","18":"tag-latestnews","19":"tag-main-news","20":"tag-mainnews","21":"tag-news","22":"tag-nyheter","23":"tag-rubriker","24":"tag-se","25":"tag-service","26":"tag-servicemeddelande","27":"tag-servicemeddelanden","28":"tag-svenska","29":"tag-sverige","30":"tag-sweden","31":"tag-swedish","32":"tag-top-stories","33":"tag-topstories"},"share_on_mastodon":{"url":"https:\/\/pubeurope.com\/@se\/115882882700172383","error":""},"_links":{"self":[{"href":"https:\/\/www.europesays.com\/se\/wp-json\/wp\/v2\/posts\/133466","targetHints":{"allow":["GET"]}}],"collection":[{"href":"https:\/\/www.europesays.com\/se\/wp-json\/wp\/v2\/posts"}],"about":[{"href":"https:\/\/www.europesays.com\/se\/wp-json\/wp\/v2\/types\/post"}],"author":[{"embeddable":true,"href":"https:\/\/www.europesays.com\/se\/wp-json\/wp\/v2\/users\/2"}],"replies":[{"embeddable":true,"href":"https:\/\/www.europesays.com\/se\/wp-json\/wp\/v2\/comments?post=133466"}],"version-history":[{"count":0,"href":"https:\/\/www.europesays.com\/se\/wp-json\/wp\/v2\/posts\/133466\/revisions"}],"wp:featuredmedia":[{"embeddable":true,"href":"https:\/\/www.europesays.com\/se\/wp-json\/wp\/v2\/media\/3804"}],"wp:attachment":[{"href":"https:\/\/www.europesays.com\/se\/wp-json\/wp\/v2\/media?parent=133466"}],"wp:term":[{"taxonomy":"category","embeddable":true,"href":"https:\/\/www.europesays.com\/se\/wp-json\/wp\/v2\/categories?post=133466"},{"taxonomy":"post_tag","embeddable":true,"href":"https:\/\/www.europesays.com\/se\/wp-json\/wp\/v2\/tags?post=133466"}],"curies":[{"name":"wp","href":"https:\/\/api.w.org\/{rel}","templated":true}]}}