{"id":133484,"date":"2026-01-12T15:54:08","date_gmt":"2026-01-12T15:54:08","guid":{"rendered":"https:\/\/www.europesays.com\/se\/133484\/"},"modified":"2026-01-12T15:54:08","modified_gmt":"2026-01-12T15:54:08","slug":"ishalka-i-skane-och-halland","status":"publish","type":"post","link":"https:\/\/www.europesays.com\/se\/133484\/","title":{"rendered":"Ishalka i Sk\u00e5ne och Halland"},"content":{"rendered":"<p class=\"sc-c25743f0-0 sc-e37c0145-2 hObFds DQgPn\">SMHI har utf\u00e4rdat en gul varning f\u00f6r pl\u00f6tslig ishalka i Halland, G\u00f6teborgsomr\u00e5det och v\u00e4stra Sk\u00e5ne p\u00e5 tisdagen. <\/p>\n<p class=\"sc-c25743f0-0 sc-e37c0145-2 hObFds DQgPn\">\u201dIshalka v\u00e4ntas under tisdagen i samband med regn som faller p\u00e5 kalla v\u00e4gytor\u201d, skriver SMHI.<\/p>\n<p class=\"sc-c25743f0-0 sc-e37c0145-2 hObFds DQgPn\">I Sk\u00e5ne och s\u00f6dra Halland b\u00f6rjar varningen g\u00e4lla redan klockan 04 p\u00e5 tisdagsmorgonen, fram till lunchtid. I Halland och G\u00f6teborgsomr\u00e5det g\u00e4ller varningen mellan 12 och 18.<\/p>\n<p class=\"sc-c25743f0-0 sc-e37c0145-2 hObFds DQgPn\">\u201dK\u00f6r f\u00f6rsiktigt och anpassa hastigheten till v\u00e4glaget. Avs\u00e4tt l\u00e4ngre tid f\u00f6r din resa\u201d.<\/p>\n<p>Utvidgas p\u00e5 onsdagen<\/p>\n<p class=\"sc-c25743f0-0 sc-e37c0145-2 hObFds DQgPn\">\u00c4ven under onsdagsmorgonen varnar SMHI f\u00f6r pl\u00f6tslig ishalka. D\u00e5 g\u00e4ller samma varningsomr\u00e5de som under tisdagen, men omr\u00e5det har utvidgats till hela Sk\u00e5ne, Blekinge och delar av Kronobergs l\u00e4n.<\/p>\n<p class=\"sc-c25743f0-0 sc-e37c0145-2 hObFds DQgPn\">\u201dEtt omr\u00e5de med regn r\u00f6r sig in fr\u00e5n sydv\u00e4st. Regnet faller p\u00e5 kalla v\u00e4gytor och v\u00e4ntas ge utbredd ishalka\u201d, skriver SMHI.<\/p>\n<p class=\"sc-c25743f0-0 sc-e37c0145-2 hObFds DQgPn\">Varningen g\u00e4ller fr\u00e5n midnatt p\u00e5 fram till klockan 09 p\u00e5 onsdagsmorgonen.<\/p>\n<p><img decoding=\"async\" loading=\"lazy\" src=\"https:\/\/www.europesays.com\/se\/wp-content\/uploads\/2026\/01\/1768233248_353_.jpeg\" class=\"sc-ecf79092-4 zsqbd\"\/><\/p>\n<p class=\"sc-c25743f0-0 gMtMnA\">Onsdagsvarningen.<\/p>\n<p><img decoding=\"async\" itemprop=\"contentUrl\" loading=\"lazy\" src=\"https:\/\/www.europesays.com\/se\/wp-content\/uploads\/2026\/01\/1768233248_353_.jpeg\" alt=\"\" class=\"sc-6521091-0 bNsjRS\"\/>Onsdagsvarningen.<\/p>\n","protected":false},"excerpt":{"rendered":"SMHI har utf\u00e4rdat en gul varning f\u00f6r pl\u00f6tslig ishalka i Halland, G\u00f6teborgsomr\u00e5det och v\u00e4stra Sk\u00e5ne p\u00e5 tisdagen. \u201dIshalka&hellip;\n","protected":false},"author":2,"featured_media":77179,"comment_status":"","ping_status":"","sticky":false,"template":"","format":"standard","meta":{"footnotes":""},"categories":[12],"tags":[22,23,26,27,17,21,24,25,28,29,15,16,18,34,31,33,32,30,19,20],"class_list":{"0":"post-133484","1":"post","2":"type-post","3":"status-publish","4":"format-standard","5":"has-post-thumbnail","7":"category-sverige","8":"tag-breaking-news","9":"tag-breakingnews","10":"tag-featured-news","11":"tag-featurednews","12":"tag-headlines","13":"tag-huvudnyheter","14":"tag-latest-news","15":"tag-latestnews","16":"tag-main-news","17":"tag-mainnews","18":"tag-news","19":"tag-nyheter","20":"tag-rubriker","21":"tag-se","22":"tag-svenska","23":"tag-sverige","24":"tag-sweden","25":"tag-swedish","26":"tag-top-stories","27":"tag-topstories"},"share_on_mastodon":{"url":"https:\/\/pubeurope.com\/@se\/115882941745943255","error":""},"_links":{"self":[{"href":"https:\/\/www.europesays.com\/se\/wp-json\/wp\/v2\/posts\/133484","targetHints":{"allow":["GET"]}}],"collection":[{"href":"https:\/\/www.europesays.com\/se\/wp-json\/wp\/v2\/posts"}],"about":[{"href":"https:\/\/www.europesays.com\/se\/wp-json\/wp\/v2\/types\/post"}],"author":[{"embeddable":true,"href":"https:\/\/www.europesays.com\/se\/wp-json\/wp\/v2\/users\/2"}],"replies":[{"embeddable":true,"href":"https:\/\/www.europesays.com\/se\/wp-json\/wp\/v2\/comments?post=133484"}],"version-history":[{"count":0,"href":"https:\/\/www.europesays.com\/se\/wp-json\/wp\/v2\/posts\/133484\/revisions"}],"wp:featuredmedia":[{"embeddable":true,"href":"https:\/\/www.europesays.com\/se\/wp-json\/wp\/v2\/media\/77179"}],"wp:attachment":[{"href":"https:\/\/www.europesays.com\/se\/wp-json\/wp\/v2\/media?parent=133484"}],"wp:term":[{"taxonomy":"category","embeddable":true,"href":"https:\/\/www.europesays.com\/se\/wp-json\/wp\/v2\/categories?post=133484"},{"taxonomy":"post_tag","embeddable":true,"href":"https:\/\/www.europesays.com\/se\/wp-json\/wp\/v2\/tags?post=133484"}],"curies":[{"name":"wp","href":"https:\/\/api.w.org\/{rel}","templated":true}]}}