{"id":133491,"date":"2026-01-12T16:02:07","date_gmt":"2026-01-12T16:02:07","guid":{"rendered":"https:\/\/www.europesays.com\/se\/133491\/"},"modified":"2026-01-12T16:02:07","modified_gmt":"2026-01-12T16:02:07","slug":"bjorn-hylenius-ny-ekonomichef-harnosand-se","status":"publish","type":"post","link":"https:\/\/www.europesays.com\/se\/133491\/","title":{"rendered":"Bj\u00f6rn Hylenius ny ekonomichef &#8211; Harnosand.se"},"content":{"rendered":"<p>Utmaningen lockar<\/p>\n<p class=\"normal\">&#8211; Det \u00e4r utmaning som k\u00e4nns sp\u00e4nnande och som lockar mig, s\u00e4ger Bj\u00f6rn Hylenius. H\u00e4rn\u00f6sand har ett tufft ekonomiskt l\u00e4ge, men enligt min uppfattning bra ordning p\u00e5 sin verksamhet och goda f\u00f6ruts\u00e4ttningar att n\u00e5 ett stabilare och b\u00e4ttre l\u00e4ge. Det k\u00e4nns som att chansen att lyckas \u00e4r h\u00f6g.<\/p>\n<p>Ett k\u00e4nt ansikte i H\u00e4rn\u00f6sand<\/p>\n<p class=\"normal\">F\u00f6r flera chefer i H\u00e4rn\u00f6sands kommun \u00e4r Bj\u00f6rn redan ett k\u00e4nt ansikte. Han \u00e4r n\u00e4mligen en av utbildarna i kommunens chefsutbildning.<\/p>\n<p class=\"normal\">&#8211; Jag gillar att utbilda. Att f\u00e5 andra att f\u00f6rst\u00e5 hur det h\u00e4nger ihop och se samband mellan det man g\u00f6r och det ekonomiska utfallet \u00e4r n\u00e5got jag brinner f\u00f6r, s\u00e4ger Bj\u00f6rn.<\/p>\n","protected":false},"excerpt":{"rendered":"Utmaningen lockar &#8211; Det \u00e4r utmaning som k\u00e4nns sp\u00e4nnande och som lockar mig, s\u00e4ger Bj\u00f6rn Hylenius. H\u00e4rn\u00f6sand har&hellip;\n","protected":false},"author":2,"featured_media":133492,"comment_status":"","ping_status":"","sticky":false,"template":"","format":"standard","meta":{"footnotes":""},"categories":[12],"tags":[13558,22,23,13557,26,27,13305,17,21,13561,24,25,28,29,15,13559,16,13560,18,34,31,33,32,30,19,20],"class_list":{"0":"post-133491","1":"post","2":"type-post","3":"status-publish","4":"format-standard","5":"has-post-thumbnail","7":"category-sverige","8":"tag-bjorn-hylenius","9":"tag-breaking-news","10":"tag-breakingnews","11":"tag-ekonomichef","12":"tag-featured-news","13":"tag-featurednews","14":"tag-harnosands-kommun","15":"tag-headlines","16":"tag-huvudnyheter","17":"tag-lars-liljedahl","18":"tag-latest-news","19":"tag-latestnews","20":"tag-main-news","21":"tag-mainnews","22":"tag-news","23":"tag-nordanstigs-kommun","24":"tag-nyheter","25":"tag-pedagog","26":"tag-rubriker","27":"tag-se","28":"tag-svenska","29":"tag-sverige","30":"tag-sweden","31":"tag-swedish","32":"tag-top-stories","33":"tag-topstories"},"share_on_mastodon":{"url":"https:\/\/pubeurope.com\/@se\/115882973230377677","error":""},"_links":{"self":[{"href":"https:\/\/www.europesays.com\/se\/wp-json\/wp\/v2\/posts\/133491","targetHints":{"allow":["GET"]}}],"collection":[{"href":"https:\/\/www.europesays.com\/se\/wp-json\/wp\/v2\/posts"}],"about":[{"href":"https:\/\/www.europesays.com\/se\/wp-json\/wp\/v2\/types\/post"}],"author":[{"embeddable":true,"href":"https:\/\/www.europesays.com\/se\/wp-json\/wp\/v2\/users\/2"}],"replies":[{"embeddable":true,"href":"https:\/\/www.europesays.com\/se\/wp-json\/wp\/v2\/comments?post=133491"}],"version-history":[{"count":0,"href":"https:\/\/www.europesays.com\/se\/wp-json\/wp\/v2\/posts\/133491\/revisions"}],"wp:featuredmedia":[{"embeddable":true,"href":"https:\/\/www.europesays.com\/se\/wp-json\/wp\/v2\/media\/133492"}],"wp:attachment":[{"href":"https:\/\/www.europesays.com\/se\/wp-json\/wp\/v2\/media?parent=133491"}],"wp:term":[{"taxonomy":"category","embeddable":true,"href":"https:\/\/www.europesays.com\/se\/wp-json\/wp\/v2\/categories?post=133491"},{"taxonomy":"post_tag","embeddable":true,"href":"https:\/\/www.europesays.com\/se\/wp-json\/wp\/v2\/tags?post=133491"}],"curies":[{"name":"wp","href":"https:\/\/api.w.org\/{rel}","templated":true}]}}