{"id":133493,"date":"2026-01-12T16:03:12","date_gmt":"2026-01-12T16:03:12","guid":{"rendered":"https:\/\/www.europesays.com\/se\/133493\/"},"modified":"2026-01-12T16:03:12","modified_gmt":"2026-01-12T16:03:12","slug":"senaste-nytt-snabba-nyheter-fran-aftonbladet-12","status":"publish","type":"post","link":"https:\/\/www.europesays.com\/se\/133493\/","title":{"rendered":"Senaste nytt \u2013 snabba nyheter fr\u00e5n Aftonbladet"},"content":{"rendered":"<p><img decoding=\"async\" src=\"https:\/\/www.europesays.com\/se\/wp-content\/uploads\/2026\/01\/baba02d80e17dc835c6d2f3c4a945aad.jpg\" class=\"thumbnail-image_fbfd\" alt=\"Skarsg\u00e5rd prisas: \u201dTrodde jag var f\u00f6r gammal\u201d\"\/><\/p>\n<p>Skarsg\u00e5rd prisas: \u201dTrodde jag var f\u00f6r gammal\u201d<\/p>\n<p>0:29<\/p>\n<ul class=\"hyperion-css-88kmbp\">\n<li class=\"hyperion-css-100j4g8\" data-entry-tags=\"gavleborgs-lan\" data-testid=\"liveblog-entry\">\n<p>Misst\u00e4nkt falsk sjuksk\u00f6terska \u2013\u00a0har arbetat i 20 \u00e5r <\/p>\n<p>Misst\u00e4nkt falsk sjuksk\u00f6terska \u2013\u00a0har arbetat i 20 \u00e5r <\/p>\n<p class=\"hyperion-css-mtu8ek\">En kvinna misst\u00e4nks f\u00f6r att ha arbetat som sjuksk\u00f6terska i 20 \u00e5r \u2013 utan giltig sjuksk\u00f6terskelegitimation eller fullf\u00f6ljd utbildning. <\/p>\n<p class=\"hyperion-css-mtu8ek\">Kvinnan har arbetat i en kommun i G\u00e4vleborgs l\u00e4n sedan 2006, rapporterar Nyhetsbyr\u00e5n Siren.<\/p>\n<p class=\"hyperion-css-mtu8ek\">Ivo har anm\u00e4lt fallet till \u00e5klagarmyndigheten. <\/p>\n<p class=\"hyperion-css-mtu8ek\">Enligt Ivo misst\u00e4nker myndigheten att kvinnan f\u00f6rfalskat sitt bevis om sjuksk\u00f6terskelegitimation.<\/p>\n<\/li>\n<li class=\"hyperion-css-100j4g8\" data-entry-tags=\"uppsala\" data-testid=\"liveblog-entry\">\n<p>Tv\u00e5 personer p\u00e5k\u00f6rda <\/p>\n<p>Tv\u00e5 personer p\u00e5k\u00f6rda <\/p>\n<p class=\"hyperion-css-mtu8ek\">Tv\u00e5 personer har blivit p\u00e5k\u00f6rda i Uppsala. <\/p>\n<p class=\"hyperion-css-mtu8ek\">Olyckan intr\u00e4ffade strax innan 16, enligt P4 Uppland.<\/p>\n<p class=\"hyperion-css-mtu8ek\">\u2013 Vi har precis kommit till platsen och f\u00f6rs\u00f6ker skapa oss en bild av l\u00e4get, s\u00e4ger polisens presstalesperson Maria Hall. <\/p>\n<p class=\"hyperion-css-mtu8ek\">Skadel\u00e4get \u00e4r i nul\u00e4get oklart.<\/p>\n<\/li>\n<li class=\"hyperion-css-100j4g8\" data-entry-tags=\"iran\" data-testid=\"liveblog-entry\">\n<p>Irans utrikesminister i samtal med USA <\/p>\n<p>Irans utrikesminister i samtal med USA <\/p>\n<p class=\"hyperion-css-mtu8ek\">Irans utrikesminister Abbas Araghchi har i helgen tagit kontakt med Vita husets s\u00e4ndebud Steve Witkoff, rapporterar <a href=\"https:\/\/www.axios.com\/2026\/01\/12\/iran-protests-witkoff-araghchi-call-trump-threats\" rel=\"noopener nofollow\" target=\"_blank\">Axios<\/a> med h\u00e4nvisning till k\u00e4llor med insyn. <\/p>\n<p class=\"hyperion-css-mtu8ek\">Kontakten ska ha skett efter president Donald Trumps hot om milit\u00e4rt ingripande mot Iran, kopplat till de p\u00e5g\u00e5ende protesterna i landet.<\/p>\n<p class=\"hyperion-css-mtu8ek\">Enligt Axios uppgifter kan syftet vara att trappa ner sp\u00e4nningarna \u2013 eller vinna tid innan USA eventuellt agerar. <\/p>\n<p class=\"hyperion-css-mtu8ek\">Trump bekr\u00e4ftade i helgen att Iran tagit kontakt och sagt sig vilja f\u00f6rhandla om ett nytt k\u00e4rnavtal.<\/p>\n<p class=\"hyperion-css-mtu8ek\">Vita huset har har inte kommenterat uppgifterna. <\/p>\n<\/li>\n<li class=\"hyperion-css-100j4g8\" data-entry-tags=\"\" data-testid=\"liveblog-entry\">\n<p>Polisen vill ha filmer fr\u00e5n Uddevalla \u2013 kan ha f\u00e5ngat Hanna<\/p>\n<p>Polisen vill ha filmer fr\u00e5n Uddevalla \u2013 kan ha f\u00e5ngat Hanna<\/p>\n<p class=\"hyperion-css-mtu8ek\">Hanna, 18, f\u00f6rsvann i Uddevalla f\u00f6rra tisdagen.<\/p>\n<p class=\"hyperion-css-mtu8ek\">Trots en stor s\u00f6kinsats \u00e4r Hanna fortfarabde f\u00f6rsvunnen. Nu ber polisen om hj\u00e4lp i s\u00f6kandet efter henne. De vill ha in filmer fr\u00e5n kameror i Uddevalla.<\/p>\n<p class=\"hyperion-css-mtu8ek\">&#8221;De omr\u00e5den som \u00e4r extra intressanta \u00e4r Kapellev\u00e4gen, Bratter\u00f6dsv\u00e4gen, S\u00f6rk\u00e4llegatan, Timansv\u00e4gen och Tureborg, men alla kameror i Uddevalla som kan ha f\u00e5ngat kvinnan \u00e4r av intresse. De tidpunkter som fokuseras p\u00e5 nu \u00e4r tisdagen den 6 januari fr\u00e5n och med kl. 17.00 till onsdagen den 7 januari cirka kl. 13.00&#8221;, skriver polisen.<\/p>\n<\/li>\n<li class=\"hyperion-css-100j4g8\" data-entry-tags=\"\" data-testid=\"liveblog-entry\">\n<p>Varning utf\u00e4rdad \u2013 pl\u00f6tslig ishalka<\/p>\n<p>Varning utf\u00e4rdad \u2013 pl\u00f6tslig ishalka<\/p>\n<p class=\"hyperion-css-mtu8ek\">Efter sn\u00f6 kommer slask. Sedan kommer regn och halka.<\/p>\n<p class=\"hyperion-css-mtu8ek\">SMHI har nu utf\u00e4rdat en gul varning f\u00f6r pl\u00f6tsligt ishalka under tisdagen. Varningen g\u00e4ller i norra Hallands och G\u00f6teborgsomr\u00e5det.<\/p>\n<\/li>\n<\/ul>\n<p>Visa fler inl\u00e4gg<\/p>\n<p class=\"hyperion-css-1v9qo5x\"><strong>ANNONS<\/strong><\/p>\n<p>\u00a0Tipsa\u00a0oss\u00a0<\/p>\n<p>expand-left<\/p>\n<p>helsk\u00e4rm<img decoding=\"async\" class=\"image-asset hyperion-css-u06ts1\" data-test-tag=\"image-asset\" src=\"https:\/\/www.europesays.com\/se\/wp-content\/uploads\/2026\/01\/1768233791_666_34d76523-28e5-4fbc-8563-7913aaac9919.jpeg\"  alt=\"\"  loading=\"eager\" fetchpriority=\"high\" style=\"aspect-ratio:1900 \/ 1267\"\/> Foto: Emma-Sofia Olsson \/ Schibsted<\/p>\n<p class=\"hyperion-css-1v9qo5x\">check <strong>Vet du mer? Har du ett nyhetstips?<\/strong><\/p>\n<p class=\"hyperion-css-1v9qo5x\">check<strong> Om Tipsa!<\/strong><br \/>P\u00e5 Aftonbladet s\u00f6ker vi st\u00e4ndigt efter nya vinklar. Och som l\u00e4sare \u00e4r du en viktig del av v\u00e5rt nyhetsarbete. Med v\u00e5r tj\u00e4nst Tipsa! kan du l\u00e4tt skicka in tips, bilder och video. I v\u00e5ra appar kan vi dessutom n\u00e5 dig med lokala push-notiser och efterlysningar.<br \/><strong>\u00a0<\/strong><br \/>check<strong> Vad h\u00e4nder med mitt tips?<\/strong><br \/>Vi l\u00e4ser alla tips som skickas. Om vi bed\u00f6mer ditt tips som intressant tar vi kontakt med dig via de kontaktv\u00e4gar du l\u00e4mnat. N\u00e4r du skickar din bild eller film till Aftonbladet ger du samtidigt ditt tillst\u00e5nd till publicering.<br \/>\u00a0<br \/>check<strong> Hur skyddas mina uppgifter?<\/strong><br \/>Aftonbladet garanterar alla tipsare k\u00e4llskydd, en grundlagsskyddad r\u00e4ttighet enligt Tryckfrihetsf\u00f6rordningen. Alla tips skickas krypterade. Din identitet \u00e4r skyddad hos oss men redaktionen kan komma att kontakta dig f\u00f6r ytterligare information kring ditt tips. <\/p>\n<p class=\"hyperion-css-1v9qo5x\">Vill du vara anonym ocks\u00e5 f\u00f6r redaktionen finns det flera andra v\u00e4gar att kontakta oss: du kan ringa fr\u00e5n ett dolt nummer eller maila oss fr\u00e5n en tillf\u00e4llig e-postadress, t ex hotmail eller gmail.<br \/><strong>\u00a0 <\/strong><br \/>check<strong> F\u00e5r jag ers\u00e4ttning?<\/strong><br \/>Aftonbladet betalar alltid f\u00f6r publicerade nyhetstips och nyhetsbilder\/filmer som du \u00e4ger eller har r\u00e4tt att s\u00e4lja. Vi betalar bara till den som \u00e4r f\u00f6rst med tipset eller till den som har ny information om en nyhet.<\/p>\n<p class=\"hyperion-css-1v9qo5x\">Beslut om ers\u00e4ttning ska utg\u00e5 best\u00e4ms av tj\u00e4nstg\u00f6rande nyhetschef i samband med att tipset l\u00e4mnas. Vi ers\u00e4tter inte nyhetstips retroaktivt.<\/p>\n<p class=\"hyperion-css-1v9qo5x\">Storleken p\u00e5 ers\u00e4ttningen beror bland annat p\u00e5 dignitet eller hur unik nyheten \u00e4r och vad den tillf\u00f6r rapporteringen.<\/p>\n<p class=\"hyperion-css-1v9qo5x\">N\u00e4r vi efterlyser bilder av mer allm\u00e4n karakt\u00e4r, t ex sommarbilder, som inte ing\u00e5r i en nyhetsrapportering, utg\u00e5r ingen ers\u00e4ttning.<\/p>\n<p class=\"hyperion-css-1v9qo5x\">N\u00e4r du skickar din bild till Aftonbladet ger du samtidigt ditt tillst\u00e5nd till publicering\/publiceringar.<br \/><strong>\u00a0<\/strong><br \/>check<strong> Jag blev lovad ers\u00e4ttning. N\u00e4r f\u00e5r jag pengarna?<\/strong><br \/>Arvoden f\u00f6r publicerade nyhetstips, bilder eller filmer betalas ut som l\u00f6n s\u00e5 snart som m\u00f6jligt.<br \/><strong>\u00a0<\/strong><br \/>check<strong> V\u00e5ra appar<\/strong><br \/>Tack vare platstj\u00e4nsten geolokalisering kan du i v\u00e5ra appar f\u00e5 push-notiser med lokala nyheter om h\u00e4ndelser just d\u00e4r du befinner dig.<\/p>\n<p class=\"hyperion-css-1v9qo5x\">N\u00e4r en st\u00f6rre nyhetsh\u00e4ndelse intr\u00e4ffat i din n\u00e4rhet skickas en push-notis till dig n\u00e4r du anv\u00e4nder Tipsa!<\/p>\n<p class=\"hyperion-css-1v9qo5x\">Vi kan samtidigt efterlysa din hj\u00e4lp i nyhetsrapporteringen. Med dina egna bilder och upplysningar \u2013 fr\u00e5n d\u00e4r det h\u00e4nder, n\u00e4r det h\u00e4nder.<\/p>\n<p class=\"hyperion-css-1v9qo5x\">Aftonbladets appar hittar du i<a aria-label=\" Appstore \" class=\"default hyperion-css-15jkft9\" href=\"https:\/\/itunes.apple.com\/se\/app\/aftonbladet\/id284962281?mt=8\/?requiredbrowser=external\" rel=\"noopener nofollow noreferrer\" data-test-tag=\"external-link\" target=\"_blank\"> Appstore <\/a>och<a aria-label=\" Google Play\" class=\"default hyperion-css-15jkft9\" href=\"https:\/\/play.google.com\/store\/apps\/details?id=se.aftonbladet.start&amp;requiredbrowser=external\" rel=\"noopener nofollow noreferrer\" data-test-tag=\"external-link\" target=\"_blank\"> Google Play<\/a>.<br \/><strong>\u00a0<\/strong><br \/>check<strong> Bra att t\u00e4nka p\u00e5<\/strong><\/p>\n<ul class=\"hyperion-css-e9gx76\" data-test-tag=\"list\">\n<li class=\"hyperion-css-1d843yr\">En nyhetsh\u00e4ndelse kan vara dramatisk. Se till att du aldrig \u00e4r i v\u00e4gen f\u00f6r r\u00e4ddningspersonal eller polis. Uts\u00e4tt inte dig sj\u00e4lv eller andra f\u00f6r n\u00e5gra risker. T\u00e4nk p\u00e5 den personliga integriteten. Var inte f\u00f6r n\u00e4rg\u00e5ngen utan h\u00e5ll dig p\u00e5 beh\u00f6rigt avst\u00e5nd.<\/li>\n<li class=\"hyperion-css-1d843yr\">En bra nyhetsbild eller film vill vi publicera direkt. Med appens hj\u00e4lp n\u00e5r du v\u00e5r nyhetsredaktion snabbast och din bild eller live-film kan publiceras p\u00e5 Aftonbladet inom n\u00e5gra minuter.<\/li>\n<li class=\"hyperion-css-1d843yr\">Allm\u00e4nna \u00e5sikter, teorier eller spekulationer \u00e4r inte nyhetstips.<\/li>\n<\/ul>\n<p>\u00a0<img decoding=\"async\" src=\"https:\/\/www.europesays.com\/se\/wp-content\/uploads\/2026\/01\/2d47ab58f80a995ee24789b62394c83f.jpg\" class=\"thumbnail-image_fbfd\" alt=\"Tusentals str\u00f6ml\u00f6sa: &quot;Reagerat med j\u00e4mnmod&quot;\"\/><\/p>\n<p>Tusentals str\u00f6ml\u00f6sa: &#8221;Reagerat med j\u00e4mnmod&#8221;<\/p>\n<p>1:10<\/p>\n","protected":false},"excerpt":{"rendered":"Skarsg\u00e5rd prisas: \u201dTrodde jag var f\u00f6r gammal\u201d 0:29 Misst\u00e4nkt falsk sjuksk\u00f6terska \u2013\u00a0har arbetat i 20 \u00e5r Misst\u00e4nkt falsk&hellip;\n","protected":false},"author":2,"featured_media":113062,"comment_status":"","ping_status":"","sticky":false,"template":"","format":"standard","meta":{"footnotes":""},"categories":[5],"tags":[22,23,26,27,17,21,24,25,28,29,15,16,18,34,31,33,32,30,19,20],"class_list":{"0":"post-133493","1":"post","2":"type-post","3":"status-publish","4":"format-standard","5":"has-post-thumbnail","7":"category-rubriker","8":"tag-breaking-news","9":"tag-breakingnews","10":"tag-featured-news","11":"tag-featurednews","12":"tag-headlines","13":"tag-huvudnyheter","14":"tag-latest-news","15":"tag-latestnews","16":"tag-main-news","17":"tag-mainnews","18":"tag-news","19":"tag-nyheter","20":"tag-rubriker","21":"tag-se","22":"tag-svenska","23":"tag-sverige","24":"tag-sweden","25":"tag-swedish","26":"tag-top-stories","27":"tag-topstories"},"share_on_mastodon":{"url":"https:\/\/pubeurope.com\/@se\/115882977071489458","error":""},"_links":{"self":[{"href":"https:\/\/www.europesays.com\/se\/wp-json\/wp\/v2\/posts\/133493","targetHints":{"allow":["GET"]}}],"collection":[{"href":"https:\/\/www.europesays.com\/se\/wp-json\/wp\/v2\/posts"}],"about":[{"href":"https:\/\/www.europesays.com\/se\/wp-json\/wp\/v2\/types\/post"}],"author":[{"embeddable":true,"href":"https:\/\/www.europesays.com\/se\/wp-json\/wp\/v2\/users\/2"}],"replies":[{"embeddable":true,"href":"https:\/\/www.europesays.com\/se\/wp-json\/wp\/v2\/comments?post=133493"}],"version-history":[{"count":0,"href":"https:\/\/www.europesays.com\/se\/wp-json\/wp\/v2\/posts\/133493\/revisions"}],"wp:featuredmedia":[{"embeddable":true,"href":"https:\/\/www.europesays.com\/se\/wp-json\/wp\/v2\/media\/113062"}],"wp:attachment":[{"href":"https:\/\/www.europesays.com\/se\/wp-json\/wp\/v2\/media?parent=133493"}],"wp:term":[{"taxonomy":"category","embeddable":true,"href":"https:\/\/www.europesays.com\/se\/wp-json\/wp\/v2\/categories?post=133493"},{"taxonomy":"post_tag","embeddable":true,"href":"https:\/\/www.europesays.com\/se\/wp-json\/wp\/v2\/tags?post=133493"}],"curies":[{"name":"wp","href":"https:\/\/api.w.org\/{rel}","templated":true}]}}