{"id":133494,"date":"2026-01-12T16:05:07","date_gmt":"2026-01-12T16:05:07","guid":{"rendered":"https:\/\/www.europesays.com\/se\/133494\/"},"modified":"2026-01-12T16:05:07","modified_gmt":"2026-01-12T16:05:07","slug":"remiss-av-forslag-till-andring-av-forordningen-20171180-om-forvaltningen-av-karnavfallsfondens-medel","status":"publish","type":"post","link":"https:\/\/www.europesays.com\/se\/133494\/","title":{"rendered":"Remiss av f\u00f6rslag till \u00e4ndring av f\u00f6rordningen (2017:1180) om f\u00f6rvaltningen av k\u00e4rnavfallsfondens medel"},"content":{"rendered":"<p>                    Remisser<\/p>\n<p>&#13;<br \/>\nInnan regeringen tar st\u00e4llning till ett f\u00f6rslag skickas det p\u00e5 remiss till ber\u00f6rda myndigheter, organisationer, kommuner och andra intressenter. Regeringen vill veta vad de som ber\u00f6rs tycker och vilket st\u00f6d som f\u00f6rslaget har. \u00c4ven allm\u00e4nheten har r\u00e4tt att l\u00e4mna synpunkter.<\/p>\n<p>P\u00e5 webbplatsen publiceras svar fr\u00e5n de som har ombetts att svara. Alla svar och yttranden med anledning av remissen finns med i underlaget f\u00f6r de beslut som f\u00f6ljer efter remissen. <\/p>\n","protected":false},"excerpt":{"rendered":"Remisser &#13; Innan regeringen tar st\u00e4llning till ett f\u00f6rslag skickas det p\u00e5 remiss till ber\u00f6rda myndigheter, organisationer, kommuner&hellip;\n","protected":false},"author":2,"featured_media":67452,"comment_status":"","ping_status":"","sticky":false,"template":"","format":"standard","meta":{"footnotes":""},"categories":[68],"tags":[34,111,110,31,33,32,30],"class_list":{"0":"post-133494","1":"post","2":"type-post","3":"status-publish","4":"format-standard","5":"has-post-thumbnail","7":"category-sport","8":"tag-se","9":"tag-sport","10":"tag-sports","11":"tag-svenska","12":"tag-sverige","13":"tag-sweden","14":"tag-swedish"},"share_on_mastodon":{"url":"https:\/\/pubeurope.com\/@se\/115882984915392603","error":""},"_links":{"self":[{"href":"https:\/\/www.europesays.com\/se\/wp-json\/wp\/v2\/posts\/133494","targetHints":{"allow":["GET"]}}],"collection":[{"href":"https:\/\/www.europesays.com\/se\/wp-json\/wp\/v2\/posts"}],"about":[{"href":"https:\/\/www.europesays.com\/se\/wp-json\/wp\/v2\/types\/post"}],"author":[{"embeddable":true,"href":"https:\/\/www.europesays.com\/se\/wp-json\/wp\/v2\/users\/2"}],"replies":[{"embeddable":true,"href":"https:\/\/www.europesays.com\/se\/wp-json\/wp\/v2\/comments?post=133494"}],"version-history":[{"count":0,"href":"https:\/\/www.europesays.com\/se\/wp-json\/wp\/v2\/posts\/133494\/revisions"}],"wp:featuredmedia":[{"embeddable":true,"href":"https:\/\/www.europesays.com\/se\/wp-json\/wp\/v2\/media\/67452"}],"wp:attachment":[{"href":"https:\/\/www.europesays.com\/se\/wp-json\/wp\/v2\/media?parent=133494"}],"wp:term":[{"taxonomy":"category","embeddable":true,"href":"https:\/\/www.europesays.com\/se\/wp-json\/wp\/v2\/categories?post=133494"},{"taxonomy":"post_tag","embeddable":true,"href":"https:\/\/www.europesays.com\/se\/wp-json\/wp\/v2\/tags?post=133494"}],"curies":[{"name":"wp","href":"https:\/\/api.w.org\/{rel}","templated":true}]}}