{"id":133498,"date":"2026-01-12T16:10:34","date_gmt":"2026-01-12T16:10:34","guid":{"rendered":"https:\/\/www.europesays.com\/se\/133498\/"},"modified":"2026-01-12T16:10:34","modified_gmt":"2026-01-12T16:10:34","slug":"partiledardebatt-den-14-januari-sveriges-riksdag","status":"publish","type":"post","link":"https:\/\/www.europesays.com\/se\/133498\/","title":{"rendered":"Partiledardebatt den 14 januari | Sveriges riksdag"},"content":{"rendered":"<p class=\"preamble\">Onsdagen den 14 januari klockan 18 h\u00e5lls partiledardebatt i riksdagen. I debatten f\u00e5r partiledarna f\u00f6r alla riksdagspartier argumentera f\u00f6r den politik de vill f\u00f6ra.<\/p>\n<ul>\n<li>Tid: Onsdagen den 14 januari klockan 18<\/li>\n<li>Plats: Kammaren, Allm\u00e4nhetens entr\u00e9, Riksgatan 3, Stockholm<\/li>\n<\/ul>\n<p>Partiledardebatten \u00e4r \u00f6ppen f\u00f6r allm\u00e4nhet och media.<\/p>\n<p><a href=\"https:\/\/www.riksdagen.se\/sv\/kontakt-och-besok\/besok-riksdagen\/hitta-till-riksdagen\/\" class=\"sc-680f2911-0 sc-d9f50bcf-0 gSMFa-D\" rel=\"nofollow noopener\" target=\"_blank\">Hitta till riksdagen<\/a><\/p>\n<p>Tredje partiledardebatten f\u00f6r riksm\u00f6tet<\/p>\n<p>Partiledardebatten den 14 januari blir den tredje f\u00f6r riksm\u00f6tet 2024\/25. Riksm\u00f6tet \u00e4r riksdagens arbets\u00e5r, som b\u00f6rjar i september och p\u00e5g\u00e5r till dess att n\u00e4sta riksm\u00f6te b\u00f6rjar i september \u00e5ret d\u00e4rp\u00e5. Det h\u00e5lls vanligen fyra partiledardebatter under ett riksm\u00f6te \u2013 i september, november, januari och juni. N\u00e4r det \u00e4r val\u00e5r kan debatten i september \u00e4ga rum lite senare \u00e4n annars. Partiledardebatten i november \u00e4r en EU-politisk debatt.<\/p>\n<p>\u00c4ger rum p\u00e5 kv\u00e4llen<\/p>\n<p>Talmannen och riksdagspartiernas gruppledare enades under h\u00f6sten om att partiledardebatten i januari \u00e4ger rum med start klockan 18 i st\u00e4llet f\u00f6r p\u00e5 f\u00f6rmiddagen. Debatten s\u00e4nds p\u00e5 riksdagens webbplats samt p\u00e5 SVT.<\/p>\n<p>\u2013 Vi vill p\u00e5 det h\u00e4r s\u00e4ttet ge fler v\u00e4ljare m\u00f6jlighet att f\u00f6lja partiledardebatten i direkts\u00e4ndning. Det \u00e4r viktigt i v\u00e5r demokrati att partiledarnas argument inf\u00f6r valet blir k\u00e4nda, s\u00e4ger talman Andreas Norl\u00e9n.<\/p>\n<p>F\u00f6lj debatten<\/p>\n<p>Debatten tolkas till teckenspr\u00e5k och engelska och g\u00e5r att f\u00f6lja via riksdagens webb-tv, direkt och i efterhand.<\/p>\n<p>\u00c4ven SVT kommer att s\u00e4nda debatten.<\/p>\n<p>Debattregler och talarlista<\/p>\n<p>Statsministern och partiledaren f\u00f6r det st\u00f6rsta oppositionspartiet har r\u00e4tt till ett anf\u00f6rande p\u00e5 l\u00e4ngst 7 minuter. \u00d6vriga partiledare har r\u00e4tt till ett anf\u00f6rande p\u00e5 l\u00e4ngst 5 minuter i partistorleksordning. P\u00e5 de f\u00f6rsta anf\u00f6randena g\u00e4ller ingen replikr\u00e4tt. D\u00e4refter f\u00f6ljer en andra omg\u00e5ng med anf\u00f6randen p\u00e5 l\u00e4ngst 2 minuter.<\/p>\n<p>P\u00e5 det andra anf\u00f6randet g\u00e4ller fri replikr\u00e4tt f\u00f6r debattdeltagarna i partistorleksordning, med en repliktid p\u00e5 l\u00e4ngst 1 minut enligt duellmetoden (totalt 4 minuter per duell).<\/p>\n<p>Anf\u00f6randena h\u00e5lls i talarstolen p\u00e5 podiet och replikerna tas i talarstolarna framf\u00f6r podiet.<\/p>\n<p><a href=\"https:\/\/data.riksdagen.se\/dokument\/HD0J20260114\/pdf\" class=\"sc-680f2911-0 sc-d9f50bcf-0 gSMFa-D\" rel=\"nofollow noopener\" target=\"_blank\">Talarlista<\/a><\/p>\n<p>F\u00f6r mer information<\/p>\n<p>F\u00f6r mer information kontakta riksdagsinformation, telefon: 020-349 000, e-post: <a href=\"https:\/\/www.riksdagen.se\/sv\/aktuellt\/aktuelltnotiser\/2026\/jan\/12\/partiledardebatt-den-14-januari_cms0feea34e-0417-4b34-af9f-96221d87ec26sv\/mailto:riksdagsinformation@riksdagen.se\" class=\"sc-680f2911-0 sc-d9f50bcf-0 gSMFa-D\" rel=\"nofollow noopener\" target=\"_blank\">riksdagsinformation@riksdagen.se<\/a><\/p>\n","protected":false},"excerpt":{"rendered":"Onsdagen den 14 januari klockan 18 h\u00e5lls partiledardebatt i riksdagen. I debatten f\u00e5r partiledarna f\u00f6r alla riksdagspartier argumentera&hellip;\n","protected":false},"author":2,"featured_media":40782,"comment_status":"","ping_status":"","sticky":false,"template":"","format":"standard","meta":{"footnotes":""},"categories":[12],"tags":[22,23,26,27,17,21,24,25,28,29,15,16,18,34,31,33,32,30,19,20],"class_list":{"0":"post-133498","1":"post","2":"type-post","3":"status-publish","4":"format-standard","5":"has-post-thumbnail","7":"category-sverige","8":"tag-breaking-news","9":"tag-breakingnews","10":"tag-featured-news","11":"tag-featurednews","12":"tag-headlines","13":"tag-huvudnyheter","14":"tag-latest-news","15":"tag-latestnews","16":"tag-main-news","17":"tag-mainnews","18":"tag-news","19":"tag-nyheter","20":"tag-rubriker","21":"tag-se","22":"tag-svenska","23":"tag-sverige","24":"tag-sweden","25":"tag-swedish","26":"tag-top-stories","27":"tag-topstories"},"share_on_mastodon":{"url":"https:\/\/pubeurope.com\/@se\/115883004573739348","error":""},"_links":{"self":[{"href":"https:\/\/www.europesays.com\/se\/wp-json\/wp\/v2\/posts\/133498","targetHints":{"allow":["GET"]}}],"collection":[{"href":"https:\/\/www.europesays.com\/se\/wp-json\/wp\/v2\/posts"}],"about":[{"href":"https:\/\/www.europesays.com\/se\/wp-json\/wp\/v2\/types\/post"}],"author":[{"embeddable":true,"href":"https:\/\/www.europesays.com\/se\/wp-json\/wp\/v2\/users\/2"}],"replies":[{"embeddable":true,"href":"https:\/\/www.europesays.com\/se\/wp-json\/wp\/v2\/comments?post=133498"}],"version-history":[{"count":0,"href":"https:\/\/www.europesays.com\/se\/wp-json\/wp\/v2\/posts\/133498\/revisions"}],"wp:featuredmedia":[{"embeddable":true,"href":"https:\/\/www.europesays.com\/se\/wp-json\/wp\/v2\/media\/40782"}],"wp:attachment":[{"href":"https:\/\/www.europesays.com\/se\/wp-json\/wp\/v2\/media?parent=133498"}],"wp:term":[{"taxonomy":"category","embeddable":true,"href":"https:\/\/www.europesays.com\/se\/wp-json\/wp\/v2\/categories?post=133498"},{"taxonomy":"post_tag","embeddable":true,"href":"https:\/\/www.europesays.com\/se\/wp-json\/wp\/v2\/tags?post=133498"}],"curies":[{"name":"wp","href":"https:\/\/api.w.org\/{rel}","templated":true}]}}