{"id":133503,"date":"2026-01-12T16:19:15","date_gmt":"2026-01-12T16:19:15","guid":{"rendered":"https:\/\/www.europesays.com\/se\/133503\/"},"modified":"2026-01-12T16:19:15","modified_gmt":"2026-01-12T16:19:15","slug":"sju-atalas-for-hot-och-mordbrand-mot-politiker","status":"publish","type":"post","link":"https:\/\/www.europesays.com\/se\/133503\/","title":{"rendered":"Sju \u00e5talas f\u00f6r hot och mordbrand mot politiker"},"content":{"rendered":"<p>share-arrowDela<\/p>\n<p>unsaveSpara<\/p>\n<p>expand-left<\/p>\n<p>helsk\u00e4rm<img decoding=\"async\" class=\"image-asset hyperion-css-u06ts1\" data-test-tag=\"image-asset\" src=\"https:\/\/www.europesays.com\/se\/wp-content\/uploads\/2026\/01\/d283079d-6601-4b44-9064-42ac1bb75854.jpeg\"  alt=\"S\u00f6dert\u00f6rns tingsr\u00e4tt i Huddinge. Arkivbild.\"  loading=\"eager\" fetchpriority=\"high\" style=\"aspect-ratio:1900 \/ 1267\"\/>S\u00f6dert\u00f6rns tingsr\u00e4tt i Huddinge. Arkivbild. Foto: Christine Olsson\/TT<\/p>\n<p class=\"hyperion-css-1shl3oz\" data-test-tag=\"lead-text\">Fem m\u00e4n och tv\u00e5 kvinnor \u00e5talas f\u00f6r en rad grova brott riktade mot politiker och tj\u00e4nstem\u00e4n i Stockholms l\u00e4n. H\u00e4rvan kopplas till tre omh\u00e4ndertagna barn som ska ha blivit bortf\u00f6rda.<\/p>\n<p class=\"hyperion-css-1v9qo5x\">\u00c5talet i S\u00f6dert\u00f6rns tingsr\u00e4tt omfattar bland annat grov egenm\u00e4ktighet med barn, grovt \u00f6vergrepp i r\u00e4ttssak, grova hot mot tj\u00e4nsteman, grova mordbr\u00e4nder och grov skadeg\u00f6relse, enligt ett pressmeddelande.<\/p>\n<p class=\"hyperion-css-1v9qo5x\">En man i 40-\u00e5rs\u00e5ldern \u00e5talas f\u00f6r samtliga brott. Fem av de \u00e5talade misst\u00e4nks f\u00f6r att i v\u00e5ras ha f\u00f6rt bort och undanh\u00e5llit tre jourhemsplacerade barn fr\u00e5n sitt familjehem.<\/p>\n<p class=\"hyperion-css-1v9qo5x\">Den misst\u00e4nkte huvudmannen \u00e4r h\u00e4ktad i sin utevaro och finns i ett land som saknar utl\u00e4mningsavtal med Sverige.<\/p>\n<p class=\"hyperion-css-1v9qo5x\">Sammanlagt handlar det om 40 m\u00e5ls\u00e4gande i \u00e4rendet.<\/p>\n<p class=\"hyperion-css-1v9qo5x\">\u201dBrotten har i huvudsak riktats mot tj\u00e4nstem\u00e4n inom socialtj\u00e4nsten och f\u00f6rtroendevalda kommunpolitiker i syfte att p\u00e5verka deras beslutsfattande. Brottsligheten \u00e4r av systemhotande karakt\u00e4r och mycket allvarlig\u201d, s\u00e4ger \u00e5klagare Sara Norling i pressmeddelandet.<\/p>\n<p class=\"hyperion-css-1v9qo5x\">R\u00e4tteg\u00e5ngen b\u00f6rjar den 23 januari.<\/p>\n","protected":false},"excerpt":{"rendered":"share-arrowDela unsaveSpara expand-left helsk\u00e4rmS\u00f6dert\u00f6rns tingsr\u00e4tt i Huddinge. Arkivbild. Foto: Christine Olsson\/TT Fem m\u00e4n och tv\u00e5 kvinnor \u00e5talas f\u00f6r&hellip;\n","protected":false},"author":2,"featured_media":133504,"comment_status":"","ping_status":"","sticky":false,"template":"","format":"standard","meta":{"footnotes":""},"categories":[12],"tags":[22,23,26,27,17,21,24,25,28,29,15,16,18,34,31,33,32,30,19,20],"class_list":{"0":"post-133503","1":"post","2":"type-post","3":"status-publish","4":"format-standard","5":"has-post-thumbnail","7":"category-sverige","8":"tag-breaking-news","9":"tag-breakingnews","10":"tag-featured-news","11":"tag-featurednews","12":"tag-headlines","13":"tag-huvudnyheter","14":"tag-latest-news","15":"tag-latestnews","16":"tag-main-news","17":"tag-mainnews","18":"tag-news","19":"tag-nyheter","20":"tag-rubriker","21":"tag-se","22":"tag-svenska","23":"tag-sverige","24":"tag-sweden","25":"tag-swedish","26":"tag-top-stories","27":"tag-topstories"},"share_on_mastodon":{"url":"https:\/\/pubeurope.com\/@se\/115883039949711762","error":""},"_links":{"self":[{"href":"https:\/\/www.europesays.com\/se\/wp-json\/wp\/v2\/posts\/133503","targetHints":{"allow":["GET"]}}],"collection":[{"href":"https:\/\/www.europesays.com\/se\/wp-json\/wp\/v2\/posts"}],"about":[{"href":"https:\/\/www.europesays.com\/se\/wp-json\/wp\/v2\/types\/post"}],"author":[{"embeddable":true,"href":"https:\/\/www.europesays.com\/se\/wp-json\/wp\/v2\/users\/2"}],"replies":[{"embeddable":true,"href":"https:\/\/www.europesays.com\/se\/wp-json\/wp\/v2\/comments?post=133503"}],"version-history":[{"count":0,"href":"https:\/\/www.europesays.com\/se\/wp-json\/wp\/v2\/posts\/133503\/revisions"}],"wp:featuredmedia":[{"embeddable":true,"href":"https:\/\/www.europesays.com\/se\/wp-json\/wp\/v2\/media\/133504"}],"wp:attachment":[{"href":"https:\/\/www.europesays.com\/se\/wp-json\/wp\/v2\/media?parent=133503"}],"wp:term":[{"taxonomy":"category","embeddable":true,"href":"https:\/\/www.europesays.com\/se\/wp-json\/wp\/v2\/categories?post=133503"},{"taxonomy":"post_tag","embeddable":true,"href":"https:\/\/www.europesays.com\/se\/wp-json\/wp\/v2\/tags?post=133503"}],"curies":[{"name":"wp","href":"https:\/\/api.w.org\/{rel}","templated":true}]}}