{"id":133506,"date":"2026-01-12T16:22:08","date_gmt":"2026-01-12T16:22:08","guid":{"rendered":"https:\/\/www.europesays.com\/se\/133506\/"},"modified":"2026-01-12T16:22:08","modified_gmt":"2026-01-12T16:22:08","slug":"gottfridsson-blir-getskaggsson-handbollslandslaget","status":"publish","type":"post","link":"https:\/\/www.europesays.com\/se\/133506\/","title":{"rendered":"Gottfridsson blir Getsk\u00e4ggsson &#8211; Handbollslandslaget"},"content":{"rendered":"<p><strong>F\u00f6r ett drygt \u00e5r sedan var det Jamina Roberts \u2013 nu \u00e4r det Jim Gottfridssons tur att bli ankifierad. Den svenska spelmotorn har f\u00e5tt en huvudroll och pryder omslaget till det kommande numret av Kalle Anka &amp; C:o.<\/strong><\/p>\n<p><strong>\u2013 Det \u00e4r v\u00e4ldigt kul, annorlunda och \u00e4rofyllt. Den tidningen kommer jag f\u00f6r alltid att spara, s\u00e4ger Jim Gottfridsson \u2013 eller Tim Getsk\u00e4ggsson som han heter som anka. \u00a0<\/strong><\/p>\n<p>I serien hamnar <strong>Jim Gottfridsson<\/strong> mitt i inspelningen av en reklamfilm inf\u00f6r ett stort internationellt handbollsm\u00e4sterskap. Ett tv-bolag har handplockat flera av v\u00e4rldens fr\u00e4msta handbollsspelare, och Jim dyker upp i Ankeborg under namnet <strong>Tim Getsk\u00e4ggsson<\/strong> \u2013 en spelmotor vars lugn, spelf\u00f6rst\u00e5else och kraft imponerar stort p\u00e5 b\u00e5de lagkamrater och publik.<\/p>\n<p>Men n\u00e4r ett ov\u00e4ntat produktionsproblem uppst\u00e5r f\u00e5r Kalle Anka ta \u00f6ver ansvaret i handbollshallen, med h\u00f6gst varierande resultat. Och n\u00e4r Bj\u00f6rnligan dessutom g\u00f6r entr\u00e9 och h\u00e4vdar att de ocks\u00e5 kan spela handboll \u00e4r kaoset ett faktum.<\/p>\n<p>Det \u00e4r inte f\u00f6rsta g\u00e5ngen Gottfridsson dyker upp i serieform. Efter Sveriges EM-guld 2022 uppm\u00e4rksammades han i en seriesida i Ystads Allehanda. Men detta \u00e4r f\u00f6rsta g\u00e5ngen han tar steget fullt ut \u2013 som n\u00e4bbig handbollsanka i Ankeborg. Ankifieringen tar fasta p\u00e5 Jims handbollskunskaper och karisma, vilket g\u00f6r honom l\u00e4tt att k\u00e4nna igen \u2013 \u00e4ven med n\u00e4bb.<\/p>\n<p>\u2013 Jag har varit med om mycket genom \u00e5ren, men att f\u00e5 kliva in i Ankeborgsv\u00e4rlden och f\u00e5 lira handboll tillsammans med Kalle Anka \u00e4r n\u00e5got helt annat. Det \u00e4r otroligt otippat och framf\u00f6r allt oerh\u00f6rt skoj. Jag hoppas det kan v\u00e4cka handbollsgl\u00e4dje och ett och annat sk\u00f6nt garv hos l\u00e4sarna \u2013 och hos alla som \u00e4lskar handboll, s\u00e4ger landslagsveteranen Gottfridsson.<\/p>\n<p>\u2013 Jim \u00e4r en stor handbollsprofil med b\u00e5de pondus och personlighet. F\u00f6r oss k\u00e4ndes han som en perfekt match med Kalle Anka \u2013 tv\u00e5 folkk\u00e4ra profiler som m\u00f6ts i en historia med tempo, humor och laganda, s\u00e4ger <strong>Anna Bergstr\u00f6m<\/strong>, redaktionell projektledare f\u00f6r Kalle Anka &amp; C:o.<\/p>\n<p>Serien Tystnad! Tagning! Handboll! \u00e4r skriven av <strong>Jaakko Sepp\u00e4l\u00e4<\/strong> och tecknad av <strong>Fernando Gu\u0308ell<\/strong>. Den publiceras i Kalle Anka &amp; C:o nr 3\u20134, som finns i butik fr\u00e5n den 14 januari \u2013 lagom inf\u00f6r handbolls-EM p\u00e5 hemmaplan, d\u00e4r Jim Gottfridsson och det svenska herrlandslaget jagar nya framg\u00e5ngar. I serien dyker \u00e4ven flera internationella handbollsstj\u00e4rnor upp: <strong>Tobias Gnissel<\/strong>, <strong>Maximus Gr\u00f6n<\/strong> och <strong>Jury Knarr<\/strong> \u2013 utanf\u00f6r Ankeborg mer k\u00e4nda som <strong>Mathias Gidsel<\/strong> fr\u00e5n Danmark, <strong>Magnus R\u00f8d<\/strong> fr\u00e5n Norge och <strong>Juri Knorr<\/strong> fr\u00e5n Tyskland.<\/p>\n<p>Jim Gottfridsson ansluter sig till en exklusiv skara svenska idrottsprofiler som har f\u00f6r\u00e4rats en ankifiering i Sveriges mest klassiska serietidning. Bland dem finns bland andra <strong>Jamina Roberts<\/strong>, <strong>Zlatan Ibrahimovic<\/strong>, <strong>Charlotte Kalla<\/strong>, <strong>Caroline Seger<\/strong> och <strong>Armand Duplantis<\/strong>.<\/p>\n<p><img loading=\"lazy\" decoding=\"async\" class=\"alignleft size-full wp-image-589719\" src=\"https:\/\/www.europesays.com\/se\/wp-content\/uploads\/2026\/01\/kalle.png\" alt=\"\" width=\"1600\" height=\"589\"  \/><\/p>\n<p>\u00a0<\/p>\n<p>\u00a0<\/p>\n","protected":false},"excerpt":{"rendered":"F\u00f6r ett drygt \u00e5r sedan var det Jamina Roberts \u2013 nu \u00e4r det Jim Gottfridssons tur att bli&hellip;\n","protected":false},"author":2,"featured_media":133507,"comment_status":"","ping_status":"","sticky":false,"template":"","format":"standard","meta":{"footnotes":""},"categories":[68],"tags":[13562,13563,13564,34,111,110,31,33,32,30],"class_list":{"0":"post-133506","1":"post","2":"type-post","3":"status-publish","4":"format-standard","5":"has-post-thumbnail","7":"category-sport","8":"tag-jamina-roberts","9":"tag-jim-gottfridsson","10":"tag-kalle-anka","11":"tag-se","12":"tag-sport","13":"tag-sports","14":"tag-svenska","15":"tag-sverige","16":"tag-sweden","17":"tag-swedish"},"share_on_mastodon":{"url":"https:\/\/pubeurope.com\/@se\/115883051950828112","error":""},"_links":{"self":[{"href":"https:\/\/www.europesays.com\/se\/wp-json\/wp\/v2\/posts\/133506","targetHints":{"allow":["GET"]}}],"collection":[{"href":"https:\/\/www.europesays.com\/se\/wp-json\/wp\/v2\/posts"}],"about":[{"href":"https:\/\/www.europesays.com\/se\/wp-json\/wp\/v2\/types\/post"}],"author":[{"embeddable":true,"href":"https:\/\/www.europesays.com\/se\/wp-json\/wp\/v2\/users\/2"}],"replies":[{"embeddable":true,"href":"https:\/\/www.europesays.com\/se\/wp-json\/wp\/v2\/comments?post=133506"}],"version-history":[{"count":0,"href":"https:\/\/www.europesays.com\/se\/wp-json\/wp\/v2\/posts\/133506\/revisions"}],"wp:featuredmedia":[{"embeddable":true,"href":"https:\/\/www.europesays.com\/se\/wp-json\/wp\/v2\/media\/133507"}],"wp:attachment":[{"href":"https:\/\/www.europesays.com\/se\/wp-json\/wp\/v2\/media?parent=133506"}],"wp:term":[{"taxonomy":"category","embeddable":true,"href":"https:\/\/www.europesays.com\/se\/wp-json\/wp\/v2\/categories?post=133506"},{"taxonomy":"post_tag","embeddable":true,"href":"https:\/\/www.europesays.com\/se\/wp-json\/wp\/v2\/tags?post=133506"}],"curies":[{"name":"wp","href":"https:\/\/api.w.org\/{rel}","templated":true}]}}