{"id":133508,"date":"2026-01-12T16:23:07","date_gmt":"2026-01-12T16:23:07","guid":{"rendered":"https:\/\/www.europesays.com\/se\/133508\/"},"modified":"2026-01-12T16:23:07","modified_gmt":"2026-01-12T16:23:07","slug":"one-piece-ar-tillbaka-tufft-motstand-vantar-i-trailern-for-sasong-2","status":"publish","type":"post","link":"https:\/\/www.europesays.com\/se\/133508\/","title":{"rendered":"&#8221;One Piece&#8221; \u00e4r tillbaka \u2013 tufft motst\u00e5nd v\u00e4ntar i trailern f\u00f6r s\u00e4song 2"},"content":{"rendered":"<p>Netflix har nu sl\u00e4ppt den f\u00f6rsta teasertrailern f\u00f6r s\u00e4song 2 av sin piratserie \u201dOne Piece\u201d, baserad p\u00e5 Eiichiro Odas enormt popul\u00e4ra <a href=\"https:\/\/www.moviezine.se\/series\/one-piece\" rel=\"nofollow noopener\" target=\"_blank\">manga<\/a>.<\/p>\n<p>I den nya s\u00e4songen n\u00e5r Luffy och hans bes\u00e4ttning \u00e4ntligen Storleden \u2014 men d\u00e4r v\u00e4ntar ocks\u00e5 ett betydligt tuffare motst\u00e5nd. Det kriminella n\u00e4tverket Baroque Works st\u00e5r i v\u00e4gen, med dunkla planer och m\u00e4ktiga agenter. Samtidigt finns det f\u00f6rst\u00e5s ocks\u00e5 chans att st\u00f6ta p\u00e5 b\u00e5de ov\u00e4ntade allierade och nya v\u00e4nner l\u00e4ngs v\u00e4gen.<\/p>\n<p>Bland de nya sk\u00e5despelarna m\u00e4rks Mikaela Hoover som <a href=\"https:\/\/www.moviezine.se\/nyheter\/ny-teaser-fran-one-piece-sasong-2-visar-mer-av-fansens-mest-alskade-karaktar\" rel=\"nofollow noopener\" target=\"_blank\">Chopper<\/a>, David Dastmalchian som Mr. 3, Lera Abova som Miss All Sunday och Joe Manganiello som Mr. 0.<\/p>\n<p>Samtidigt \u00e5terv\u00e4nder I\u00f1aki Godoy som Monkey D. Luffy, Mackenyu som Zoro, Emily Rudd som Nami, Jacob Romero som Usopp och Taz Skylar som Sanji.<\/p>\n<p>S\u00e4song 2 av One Piece har premi\u00e4r p\u00e5 Netflix den 10 mars. Du kan se teasertrailern nedan.<\/p>\n<p><img loading=\"lazy\" decoding=\"async\" alt=\"YouTube video\" width=\"480\" height=\"360\" data-pin-nopin=\"true\" nopin=\"nopin\" class=\"perfmatters-lazy\" src=\"https:\/\/www.europesays.com\/se\/wp-content\/uploads\/2026\/01\/1768234987_906_hqdefault.jpg\"\/><\/p>\n<p>L\u00e4s ocks\u00e5: <a href=\"https:\/\/www.moviezine.se\/nyheter\/one-piece-hissar-segel-for-sasong-3-med-nya-skadespelare-ombord\" title=\"\u201dOne Piece\u201d hissar segel f\u00f6r s\u00e4song 3 \u2013 med nya sk\u00e5despelare ombord\" class=\"underline-custom !font-montserrat !font-bold !underline-offset-4 !decoration-4 !decoration-moviezine-green !text-md\" rel=\"nofollow noopener\" target=\"_blank\">\u201dOne Piece\u201d hissar segel f\u00f6r s\u00e4song 3 \u2013 med nya sk\u00e5despelare ombord<\/a><\/p>\n<p>L\u00e4s ocks\u00e5: <a href=\"https:\/\/www.moviezine.se\/nyheter\/de-15-mest-lovande-nya-tv-serierna-som-slapps-under-2026\" title=\"De 15 mest lovande nya tv-serierna som sl\u00e4pps under 2026\" class=\"underline-custom !font-montserrat !font-bold !underline-offset-4 !decoration-4 !decoration-moviezine-green !text-md\" rel=\"nofollow noopener\" target=\"_blank\">De 15 mest lovande nya tv-serierna som sl\u00e4pps under 2026<\/a><\/p>\n","protected":false},"excerpt":{"rendered":"Netflix har nu sl\u00e4ppt den f\u00f6rsta teasertrailern f\u00f6r s\u00e4song 2 av sin piratserie \u201dOne Piece\u201d, baserad p\u00e5 Eiichiro&hellip;\n","protected":false},"author":2,"featured_media":133509,"comment_status":"","ping_status":"","sticky":false,"template":"","format":"standard","meta":{"footnotes":""},"categories":[67],"tags":[104,2399,34,31,33,32,30,105],"class_list":{"0":"post-133508","1":"post","2":"type-post","3":"status-publish","4":"format-standard","5":"has-post-thumbnail","7":"category-underhallning","8":"tag-entertainment","9":"tag-netflix","10":"tag-se","11":"tag-svenska","12":"tag-sverige","13":"tag-sweden","14":"tag-swedish","15":"tag-underhallning"},"share_on_mastodon":{"url":"https:\/\/pubeurope.com\/@se\/115883055681777099","error":""},"_links":{"self":[{"href":"https:\/\/www.europesays.com\/se\/wp-json\/wp\/v2\/posts\/133508","targetHints":{"allow":["GET"]}}],"collection":[{"href":"https:\/\/www.europesays.com\/se\/wp-json\/wp\/v2\/posts"}],"about":[{"href":"https:\/\/www.europesays.com\/se\/wp-json\/wp\/v2\/types\/post"}],"author":[{"embeddable":true,"href":"https:\/\/www.europesays.com\/se\/wp-json\/wp\/v2\/users\/2"}],"replies":[{"embeddable":true,"href":"https:\/\/www.europesays.com\/se\/wp-json\/wp\/v2\/comments?post=133508"}],"version-history":[{"count":0,"href":"https:\/\/www.europesays.com\/se\/wp-json\/wp\/v2\/posts\/133508\/revisions"}],"wp:featuredmedia":[{"embeddable":true,"href":"https:\/\/www.europesays.com\/se\/wp-json\/wp\/v2\/media\/133509"}],"wp:attachment":[{"href":"https:\/\/www.europesays.com\/se\/wp-json\/wp\/v2\/media?parent=133508"}],"wp:term":[{"taxonomy":"category","embeddable":true,"href":"https:\/\/www.europesays.com\/se\/wp-json\/wp\/v2\/categories?post=133508"},{"taxonomy":"post_tag","embeddable":true,"href":"https:\/\/www.europesays.com\/se\/wp-json\/wp\/v2\/tags?post=133508"}],"curies":[{"name":"wp","href":"https:\/\/api.w.org\/{rel}","templated":true}]}}