{"id":133512,"date":"2026-01-12T16:27:10","date_gmt":"2026-01-12T16:27:10","guid":{"rendered":"https:\/\/www.europesays.com\/se\/133512\/"},"modified":"2026-01-12T16:27:10","modified_gmt":"2026-01-12T16:27:10","slug":"polisen-foxtrot-toppen-ali-shehab-gripen-i-irak","status":"publish","type":"post","link":"https:\/\/www.europesays.com\/se\/133512\/","title":{"rendered":"Polisen: Foxtrot-toppen Ali Shehab gripen i Irak"},"content":{"rendered":"<p>Enligt uppgifter till SVT greps Ali Shehab 3 december i Suleymaniyya i norra Irak. Suleymaniyya \u00e4r Rawa Majids f\u00f6r\u00e4ldrars hemstad. Shehab greps av irakiska s\u00e4kerhetstj\u00e4nsten National intelligence service, NIS. Enligt uppgifterna ska NIS vara s\u00e4rskilt intresserad av att komma \u00e5t personer som kopplas till Foxtrot och som befinner sig i Irak.<\/p>\n<p>I samband med detta greps ytterligare en man med koppling till Foxtrot, enligt polisen.<\/p>\n<p>Ali Shehab har varit internationellt efterlyst en l\u00e4ngre tid. Han misst\u00e4nks f\u00f6r att ha anstiftat 23 mordf\u00f6rs\u00f6k och fem mord, enligt uppgifter till SVT Nyheter. Det handlar bland annat om masskjutningen i Farsta 2023, d\u00f6dsskjutningen p\u00e5 Lunds central i januari 2025 och den i G\u00e4vle i oktober.<\/p>\n<p>\u2013 Ali Shehab \u00e4r en av Rawa Majids n\u00e4rmast allierade med bas i Irak. Han \u00e4r en av flera unga Foxtrotm\u00e4n som pekas ut som rekryterare av barn och unga till mord och andra v\u00e5ldsd\u00e5d i b\u00e5de Sverige och andra l\u00e4nder. Att han nu grips ses som en stor framg\u00e5ng av svensk polis, s\u00e4ger SVT:s kriminalreporter Diamant Salihu. <\/p>\n<p><img decoding=\"async\" alt=\"Justitieminister Gunnar Str\u00f6mmer intervjuas av SVT i en inomhusmilj\u00f6.\" src=\"https:\/\/www.europesays.com\/se\/wp-content\/uploads\/2026\/01\/af7e6c7294380a4836671d442b5439796f1743c7edccbc0740f178f54ee41e22.jpeg\" title=\"Foto: SVT\"\/><\/p>\n<p>Javascript m\u00e5ste vara p\u00e5slaget f\u00f6r att kunna spela video<\/p>\n<p>N\u00e4r en s\u00e5 farlig person sp\u00e4rras in betyder det att han inte kan beg\u00e5 nya brott i Sverige, s\u00e4ger justitieminister Gunnar Str\u00f6mmer (M). Foto: SVTGreps i Irak i december<\/p>\n<p>Enligt polisen greps den 21-\u00e5rige mannen i Irak i december tillsammans med ytterligare en person som misst\u00e4nks f\u00f6r grova brott i Sverige.<\/p>\n<p>\u201dI samband med gripandet av 21-\u00e5ringen greps \u00e4ven ytterligare en akt\u00f6r med koppling till Foxtrot, h\u00e4ktad i sin utevaro av G\u00f6teborgs tingsr\u00e4tt f\u00f6r st\u00e4mpling till mord, grov allm\u00e4nfarlig \u00f6del\u00e4ggelse, medhj\u00e4lp till brott mot lagen om brandfarliga och explosiva varor samt involverande av under\u00e5rig i brottslighet.<\/p>\n<p>Polisen kallar gripandet f\u00f6r ett strategiskt genombrott som kommer att p\u00e5verka Foxtrot-n\u00e4tverkets m\u00f6jligheter Ali Shehab beskrivs som en nyckelperson som finns med p\u00e5 Europols \u201dMost Wanted\u201d- lista.<\/p>\n<p>\u2013 Han \u00e4r en best\u00e4llare av mord. Han har suttit i Irak och gjort de best\u00e4llningarna, s\u00e4ger Petra Lundh.<\/p>\n<p><img decoding=\"async\" alt=\"Karta \u00f6ver l\u00e4nder d\u00e4r polisen jagar g\u00e4ngtoppar utomlands, med markerade omr\u00e5den.\" src=\"https:\/\/www.europesays.com\/se\/wp-content\/uploads\/2026\/01\/c4c51dc77680d1ec0aafd884537efffbbb3cf33e3d6f8e8977f3f927f1ae39c3.jpeg\" title=\"Foto: SVT\/Polisen\"\/><\/p>\n<p>Javascript m\u00e5ste vara p\u00e5slaget f\u00f6r att kunna spela video<\/p>\n<p>SVT:s Diamant Salihu om g\u00e4ngtopparna utomlands. Foto: SVT\/PolisenLundh: Sv\u00e5rt att f\u00e5 utl\u00e4mnad<\/p>\n<p>Den 21-\u00e5rige mannen \u00e4r h\u00e4ktad i sin utevaro vid flera tingsr\u00e4tter f\u00f6r ett stort antal fall av anstiftade mord, anstiftade f\u00f6rs\u00f6k till mord samt st\u00e4mpling till mord.<\/p>\n<p>Shehab \u00e4r b\u00e5de svensk och irakisk medborgare och har gripits i Irak f\u00f6r brott som beg\u00e5tts d\u00e4r. I dessa fall brukar det vara sv\u00e5rt att f\u00e5 personen utl\u00e4mnad, s\u00e4ger Lundh.<\/p>\n<p>\u2013 L\u00e4nder brukar normalt inte utl\u00e4mna sina egna medborgare.<\/p>\n","protected":false},"excerpt":{"rendered":"Enligt uppgifter till SVT greps Ali Shehab 3 december i Suleymaniyya i norra Irak. Suleymaniyya \u00e4r Rawa Majids&hellip;\n","protected":false},"author":2,"featured_media":133513,"comment_status":"","ping_status":"","sticky":false,"template":"","format":"standard","meta":{"footnotes":""},"categories":[12],"tags":[22,23,26,27,17,21,24,25,28,29,15,16,18,34,31,33,32,30,19,20],"class_list":{"0":"post-133512","1":"post","2":"type-post","3":"status-publish","4":"format-standard","5":"has-post-thumbnail","7":"category-sverige","8":"tag-breaking-news","9":"tag-breakingnews","10":"tag-featured-news","11":"tag-featurednews","12":"tag-headlines","13":"tag-huvudnyheter","14":"tag-latest-news","15":"tag-latestnews","16":"tag-main-news","17":"tag-mainnews","18":"tag-news","19":"tag-nyheter","20":"tag-rubriker","21":"tag-se","22":"tag-svenska","23":"tag-sverige","24":"tag-sweden","25":"tag-swedish","26":"tag-top-stories","27":"tag-topstories"},"share_on_mastodon":{"url":"https:\/\/pubeurope.com\/@se\/115883071484559294","error":""},"_links":{"self":[{"href":"https:\/\/www.europesays.com\/se\/wp-json\/wp\/v2\/posts\/133512","targetHints":{"allow":["GET"]}}],"collection":[{"href":"https:\/\/www.europesays.com\/se\/wp-json\/wp\/v2\/posts"}],"about":[{"href":"https:\/\/www.europesays.com\/se\/wp-json\/wp\/v2\/types\/post"}],"author":[{"embeddable":true,"href":"https:\/\/www.europesays.com\/se\/wp-json\/wp\/v2\/users\/2"}],"replies":[{"embeddable":true,"href":"https:\/\/www.europesays.com\/se\/wp-json\/wp\/v2\/comments?post=133512"}],"version-history":[{"count":0,"href":"https:\/\/www.europesays.com\/se\/wp-json\/wp\/v2\/posts\/133512\/revisions"}],"wp:featuredmedia":[{"embeddable":true,"href":"https:\/\/www.europesays.com\/se\/wp-json\/wp\/v2\/media\/133513"}],"wp:attachment":[{"href":"https:\/\/www.europesays.com\/se\/wp-json\/wp\/v2\/media?parent=133512"}],"wp:term":[{"taxonomy":"category","embeddable":true,"href":"https:\/\/www.europesays.com\/se\/wp-json\/wp\/v2\/categories?post=133512"},{"taxonomy":"post_tag","embeddable":true,"href":"https:\/\/www.europesays.com\/se\/wp-json\/wp\/v2\/tags?post=133512"}],"curies":[{"name":"wp","href":"https:\/\/api.w.org\/{rel}","templated":true}]}}