{"id":133514,"date":"2026-01-12T16:28:17","date_gmt":"2026-01-12T16:28:17","guid":{"rendered":"https:\/\/www.europesays.com\/se\/133514\/"},"modified":"2026-01-12T16:28:17","modified_gmt":"2026-01-12T16:28:17","slug":"hjaltar-i-snokaoset-uppsala-kommun","status":"publish","type":"post","link":"https:\/\/www.europesays.com\/se\/133514\/","title":{"rendered":"Hj\u00e4ltar i sn\u00f6kaoset &#8211; Uppsala kommun"},"content":{"rendered":"<p>Det har varit n\u00e5gra riktigt tuffa dagar f\u00f6r Margaretha Backman, v\u00e5rdbitr\u00e4de i Luthagen Fyris hemv\u00e5rd. Det kraftiga sn\u00f6fallet har gjort arbetet kr\u00e4vande f\u00f6r henne och hennes kollegor.\u00a0<\/p>\n<p>\u2013 I b\u00f6rjan var det k\u00e4mpigt att ta sig fram innan plogningen kom i g\u00e5ng. Det har blivit b\u00e4ttre f\u00f6r varje dag, men p\u00e5 vissa st\u00e4llen f\u00e5r vi fortfarande l\u00e4mna cykeln och g\u00e5 sista biten, s\u00e4ger Margaretha.\u00a0<\/p>\n<p>Jobbat extrapass och skjutsat varandra<\/p>\n<p>\u00c4ven om sn\u00f6n har inneburit utmaningar har brukarna f\u00e5tt st\u00f6d och v\u00e5rd tack vare ett starkt samarbete. N\u00e4r bilar har fastnat har kollegor tagit \u00f6ver pass eller arbetat extra, och \u00e4ven administrativ personal har ryckt in f\u00f6r att hj\u00e4lpa till\u00a0genom att skjutsa ut medarbetare till brukare.\u00a0<\/p>\n<p>\u2013 Vi har verkligen hj\u00e4lpts \u00e5t. Det handlar\u00a0om att vara flexibla och hitta l\u00f6sningar tillsammans. Flera brukare har ringt f\u00f6r att hylla personalen och tacka f\u00f6r att vi har levererat en god omv\u00e5rdnad. Hemtj\u00e4nsten och hemv\u00e5rdens medarbetare \u00e4r riktiga hj\u00e4ltar, s\u00e4ger Janina Nyfors, verksamhetschef p\u00e5\u00a0S\u00e4vja\u00a0hemv\u00e5rd.\u00a0<\/p>\n<p>St\u00f6d och f\u00f6rst\u00e5else fr\u00e5n omgivningen\u00a0<\/p>\n<p>\u00c4ven viljan att hj\u00e4lpa till fr\u00e5n allm\u00e4nheten och anh\u00f6riga har varit stor. N\u00e4r tr\u00e4d har fallit \u00f6ver v\u00e4gar eller n\u00e4r bilar har fastnat i sn\u00f6n har det m\u00f6tts av stor f\u00f6rst\u00e5else och samarbetsvilja. Det har Ronnie \u00c5dahl, verksamhetschef f\u00f6r hemtj\u00e4nsten p\u00e5 \u00d6stra landsbygden, m\u00e4rkt av.\u00a0<\/p>\n<p>\u2013 M\u00e5nga brukare har visat stor f\u00f6rst\u00e5else f\u00f6r de sv\u00e5righeter som funnits och uttryckt omtanke f\u00f6r personalen. I vissa fall har de till och med avbokat insatser som de sj\u00e4lva inte upplevt som n\u00f6dv\u00e4ndiga. Jag vill passa p\u00e5 att rikta ett stort tack till boende p\u00e5 \u00d6stra landsbygden som vid flera tillf\u00e4llen har hj\u00e4lpt till att f\u00e5 loss v\u00e5ra bilar n\u00e4r de k\u00f6rt fast, s\u00e4ger han.\u00a0<\/p>\n<p>Margaretha\u00a0Backman\u00a0ber\u00e4ttar ocks\u00e5 om den v\u00e4rme\u00a0hon m\u00f6ter\u00a0i arbetet.\u00a0\u00a0<\/p>\n<p>\u2013 M\u00e5nga brukare \u00e4r s\u00e5 glada att vi kommer. De fr\u00e5gar hur det g\u00e5r f\u00f6r oss och om vi \u00e4r f\u00f6rsiktiga. \u00c4ven om det tar l\u00e4ngre tid att ta sig fram finns det n\u00e4stan alltid stor f\u00f6rst\u00e5else,\u00a0och m\u00e5nga \u00e4r oroliga f\u00f6r att vi, som jobbar, ska halka.\u00a0<\/p>\n","protected":false},"excerpt":{"rendered":"Det har varit n\u00e5gra riktigt tuffa dagar f\u00f6r Margaretha Backman, v\u00e5rdbitr\u00e4de i Luthagen Fyris hemv\u00e5rd. Det kraftiga sn\u00f6fallet&hellip;\n","protected":false},"author":2,"featured_media":133515,"comment_status":"","ping_status":"","sticky":false,"template":"","format":"standard","meta":{"footnotes":""},"categories":[5],"tags":[22,23,26,27,17,21,24,25,28,29,15,16,18,34,31,33,32,30,19,20],"class_list":{"0":"post-133514","1":"post","2":"type-post","3":"status-publish","4":"format-standard","5":"has-post-thumbnail","7":"category-rubriker","8":"tag-breaking-news","9":"tag-breakingnews","10":"tag-featured-news","11":"tag-featurednews","12":"tag-headlines","13":"tag-huvudnyheter","14":"tag-latest-news","15":"tag-latestnews","16":"tag-main-news","17":"tag-mainnews","18":"tag-news","19":"tag-nyheter","20":"tag-rubriker","21":"tag-se","22":"tag-svenska","23":"tag-sverige","24":"tag-sweden","25":"tag-swedish","26":"tag-top-stories","27":"tag-topstories"},"share_on_mastodon":{"url":"https:\/\/pubeurope.com\/@se\/115883075358202423","error":""},"_links":{"self":[{"href":"https:\/\/www.europesays.com\/se\/wp-json\/wp\/v2\/posts\/133514","targetHints":{"allow":["GET"]}}],"collection":[{"href":"https:\/\/www.europesays.com\/se\/wp-json\/wp\/v2\/posts"}],"about":[{"href":"https:\/\/www.europesays.com\/se\/wp-json\/wp\/v2\/types\/post"}],"author":[{"embeddable":true,"href":"https:\/\/www.europesays.com\/se\/wp-json\/wp\/v2\/users\/2"}],"replies":[{"embeddable":true,"href":"https:\/\/www.europesays.com\/se\/wp-json\/wp\/v2\/comments?post=133514"}],"version-history":[{"count":0,"href":"https:\/\/www.europesays.com\/se\/wp-json\/wp\/v2\/posts\/133514\/revisions"}],"wp:featuredmedia":[{"embeddable":true,"href":"https:\/\/www.europesays.com\/se\/wp-json\/wp\/v2\/media\/133515"}],"wp:attachment":[{"href":"https:\/\/www.europesays.com\/se\/wp-json\/wp\/v2\/media?parent=133514"}],"wp:term":[{"taxonomy":"category","embeddable":true,"href":"https:\/\/www.europesays.com\/se\/wp-json\/wp\/v2\/categories?post=133514"},{"taxonomy":"post_tag","embeddable":true,"href":"https:\/\/www.europesays.com\/se\/wp-json\/wp\/v2\/tags?post=133514"}],"curies":[{"name":"wp","href":"https:\/\/api.w.org\/{rel}","templated":true}]}}