{"id":133539,"date":"2026-01-12T16:59:19","date_gmt":"2026-01-12T16:59:19","guid":{"rendered":"https:\/\/www.europesays.com\/se\/133539\/"},"modified":"2026-01-12T16:59:19","modified_gmt":"2026-01-12T16:59:19","slug":"medlemstraffar-i-gavleborg-med-anledning-av-stormen-johannes","status":"publish","type":"post","link":"https:\/\/www.europesays.com\/se\/133539\/","title":{"rendered":"Medlemstr\u00e4ffar i G\u00e4vleborg med anledning av stormen Johannes"},"content":{"rendered":"<p class=\"preamble large\">Vi v\u00e4lkomnar v\u00e5ra medlemmar som \u00e4ger skog och som drabbats av stormen Johannes till informationstr\u00e4ffar. Vi kommer att prata om vad som h\u00e4nder nu efter stormen och det finns m\u00f6jlighet att st\u00e4lla fr\u00e5gor. Medverkar g\u00f6r bland annat LRF, Mellanskog, S\u00e4ker Skog och f\u00f6rs\u00e4kringsbolag. \u00a0\n<\/p>\n<p>14 januari kl. 18-20 Mobyg\u00e5rden, Ockelbo<\/p>\n<p>19 januari kl. 18.30-20.30 Johannesg\u00e5rden, Alfta\u00a0<\/p>\n<p>21 januari kl. 18-20 Slottegymnasiet, Ljusdal<\/p>\n<p>26 januari kl. 18-20 H\u00f6gsg\u00e5rden, Hudiksvall<\/p>\n<p>27 januari kl. 18.30-20.30 Nyg\u00e5rdens Bed &amp; breakfast, Harm\u00e5nger\u00a0<\/p>\n<p>28 januari kl. 18.30-20.30 Bolln\u00e4s folkh\u00f6gskola\u00a0<\/p>\n<p>29 januari kl. 18.30-20.30 Norrala bygdeg\u00e5rd<\/p>\n<p><strong>Anm\u00e4lan och mer information<\/strong> om tr\u00e4ffarna finns p\u00e5\u00a0<a rel=\"noopener nofollow\" href=\"https:\/\/www.mellanskog.se\/evenemang\" target=\"_blank\">Mellanskogs hemsida<\/a><\/p>\n<p>\u00a0<\/p>\n<p><strong>\u00c4ven LRFs kommunavdelning i Hudiksvall arrangerar ett informationsm\u00f6te<\/strong> f\u00f6r skogs\u00e4gare som \u00e4r p\u00e5verkade av stormen. Det \u00e4ger rum i Forsa den 20 januari kl. 18.30.\u00a0<a rel=\"noopener nofollow\" href=\"https:\/\/www.lrf.se\/kalender\/35644-informationsmote-for-skogsagare-som-ar-paverkade-av-stormen-johannes\/\" target=\"_blank\">L\u00e4s mer<\/a><\/p>\n","protected":false},"excerpt":{"rendered":"Vi v\u00e4lkomnar v\u00e5ra medlemmar som \u00e4ger skog och som drabbats av stormen Johannes till informationstr\u00e4ffar. Vi kommer att&hellip;\n","protected":false},"author":2,"featured_media":133540,"comment_status":"","ping_status":"","sticky":false,"template":"","format":"standard","meta":{"footnotes":""},"categories":[12],"tags":[22,23,26,27,17,21,24,25,28,29,15,16,18,34,31,33,32,30,19,20],"class_list":{"0":"post-133539","1":"post","2":"type-post","3":"status-publish","4":"format-standard","5":"has-post-thumbnail","7":"category-sverige","8":"tag-breaking-news","9":"tag-breakingnews","10":"tag-featured-news","11":"tag-featurednews","12":"tag-headlines","13":"tag-huvudnyheter","14":"tag-latest-news","15":"tag-latestnews","16":"tag-main-news","17":"tag-mainnews","18":"tag-news","19":"tag-nyheter","20":"tag-rubriker","21":"tag-se","22":"tag-svenska","23":"tag-sverige","24":"tag-sweden","25":"tag-swedish","26":"tag-top-stories","27":"tag-topstories"},"share_on_mastodon":{"url":"https:\/\/pubeurope.com\/@se\/115883197553124856","error":""},"_links":{"self":[{"href":"https:\/\/www.europesays.com\/se\/wp-json\/wp\/v2\/posts\/133539","targetHints":{"allow":["GET"]}}],"collection":[{"href":"https:\/\/www.europesays.com\/se\/wp-json\/wp\/v2\/posts"}],"about":[{"href":"https:\/\/www.europesays.com\/se\/wp-json\/wp\/v2\/types\/post"}],"author":[{"embeddable":true,"href":"https:\/\/www.europesays.com\/se\/wp-json\/wp\/v2\/users\/2"}],"replies":[{"embeddable":true,"href":"https:\/\/www.europesays.com\/se\/wp-json\/wp\/v2\/comments?post=133539"}],"version-history":[{"count":0,"href":"https:\/\/www.europesays.com\/se\/wp-json\/wp\/v2\/posts\/133539\/revisions"}],"wp:featuredmedia":[{"embeddable":true,"href":"https:\/\/www.europesays.com\/se\/wp-json\/wp\/v2\/media\/133540"}],"wp:attachment":[{"href":"https:\/\/www.europesays.com\/se\/wp-json\/wp\/v2\/media?parent=133539"}],"wp:term":[{"taxonomy":"category","embeddable":true,"href":"https:\/\/www.europesays.com\/se\/wp-json\/wp\/v2\/categories?post=133539"},{"taxonomy":"post_tag","embeddable":true,"href":"https:\/\/www.europesays.com\/se\/wp-json\/wp\/v2\/tags?post=133539"}],"curies":[{"name":"wp","href":"https:\/\/api.w.org\/{rel}","templated":true}]}}