{"id":133557,"date":"2026-01-12T17:14:10","date_gmt":"2026-01-12T17:14:10","guid":{"rendered":"https:\/\/www.europesays.com\/se\/133557\/"},"modified":"2026-01-12T17:14:10","modified_gmt":"2026-01-12T17:14:10","slug":"stjarnor-med-ice-protest-pa-roda-mattan-vasterbottens-kuriren","status":"publish","type":"post","link":"https:\/\/www.europesays.com\/se\/133557\/","title":{"rendered":"Stj\u00e4rnor med ICE-protest p\u00e5 r\u00f6da mattan &#8211; V\u00e4sterbottens-Kuriren"},"content":{"rendered":"<ol>\n<li><a href=\"https:\/\/news.google.com\/rss\/articles\/CBMif0FVX3lxTFBrNU1yNHp6SEdiYXR0S0JmbE43bXJlYUltMTBVMnFoRU9hckdLdmV4VkFlWGdDWTlkUDZ1dHJ6ek1QNkI5d1ZiLVhGS0VOcVpPLW1sWUE0OW8zejhXaG9ZT3dVOHlPMVN0Vy0xbkx0SXJRUFFvR091VWNmdFZQNzQ?oc=5\" target=\"_blank\" rel=\"nofollow noopener\">Stj\u00e4rnor med ICE-protest p\u00e5 r\u00f6da mattan<\/a>&nbsp;&nbsp;V\u00e4sterbottens-Kuriren<\/li>\n<li><a href=\"https:\/\/news.google.com\/rss\/articles\/CBMib0FVX3lxTE1OUUpDNUdOMGNLWUZpXzNlamFuUXZoUWZ4ZDhVdVJ0WWdNdlVqYU5vQUdRZS1IR3kxR2d2bzNTYmMyTGR0Xy0xenl1dXBVNWNzOGN3c1lfR3ZKMmdpR0hjTFpQZlB5YlFGdE5wWEdxSQ?oc=5\" target=\"_blank\" rel=\"nofollow noopener\">Stora protester mot poliser<\/a>&nbsp;&nbsp;8 Sidor<\/li>\n<li><a href=\"https:\/\/news.google.com\/rss\/articles\/CBMijwFBVV95cUxPdmlidmI0b3A1cjFUVXgzRUNka2trVThaM1FpQU56YVYwcUpScERoeUdReVFNOXVBLTg2YmhpUVFhZ0tJZE9wWllrUHdKNEVFbE51S3pZMmp2aTBjWVNVYXlkWlNmUGlOTWxSY0IzRG4yak5CaERrVV9WZnc5amZmOHpHckFnWWdndEpEMG12Zw?oc=5\" target=\"_blank\" rel=\"nofollow noopener\">Stora protester i USA \u2013 kvinna sk\u00f6ts ihj\u00e4l av polis<\/a>&nbsp;&nbsp;Sveriges Radio<\/li>\n<li><a href=\"https:\/\/news.google.com\/rss\/articles\/CBMiuwFBVV95cUxPUzV1eEFrcXlmdjVtdEJNY2lzMmZwXzBybHFlbVVtbnFjVjZmU1U4UFRUY1VoekFXTXB5TUpvd2E5aEQ0cG16T2cwaWdnMDJvSEhTUVlkaVhoVGlaNWE0RU56cUxMeEozMVEwejdoa3hqb2EzTVNWU3d6YnFxZUtqcGRid1ZZZ1pFZ0ZkZHlUcFRfT1Z4cGUyUXFyTjF3Nmd5MmpZcExSc19LRm9Kc2xBWjQzUDFURllHNjgw?oc=5\" target=\"_blank\" rel=\"nofollow noopener\">MINNEAPOLIS Partiet befaller dig att inte tro dina \u00f6gon<\/a>&nbsp;&nbsp;Aftonbladet<\/li>\n<li><a href=\"https:\/\/news.google.com\/rss\/articles\/CBMiggFBVV95cUxNYlhWVlFYWHNSODNVZHZwc0xNdjV2Z0lSdVZIX1hoaElqSllfNEpYQzRKdFlvUXR4bENtVUJTekphM3hKZ0ZqekZEZFF6MUFqWnVWMXhFM2MyODdiWldoVHozdTVNN245T0h2Q2EtckNqQWZvX0dvR242OHdIRWxqT3h3?oc=5\" target=\"_blank\" rel=\"nofollow noopener\">Konflikten tilltar mellan partierna i kongressen<\/a>&nbsp;&nbsp;SvD<\/li>\n<\/ol>\n","protected":false},"excerpt":{"rendered":"Stj\u00e4rnor med ICE-protest p\u00e5 r\u00f6da mattan&nbsp;&nbsp;V\u00e4sterbottens-Kuriren Stora protester mot poliser&nbsp;&nbsp;8 Sidor Stora protester i USA \u2013 kvinna sk\u00f6ts&hellip;\n","protected":false},"author":2,"featured_media":133558,"comment_status":"","ping_status":"","sticky":false,"template":"","format":"standard","meta":{"footnotes":""},"categories":[14],"tags":[22,23,26,27,17,21,24,25,28,29,15,16,18,34,31,33,32,30,19,20,51,52,53,54],"class_list":{"0":"post-133557","1":"post","2":"type-post","3":"status-publish","4":"format-standard","5":"has-post-thumbnail","7":"category-varlden","8":"tag-breaking-news","9":"tag-breakingnews","10":"tag-featured-news","11":"tag-featurednews","12":"tag-headlines","13":"tag-huvudnyheter","14":"tag-latest-news","15":"tag-latestnews","16":"tag-main-news","17":"tag-mainnews","18":"tag-news","19":"tag-nyheter","20":"tag-rubriker","21":"tag-se","22":"tag-svenska","23":"tag-sverige","24":"tag-sweden","25":"tag-swedish","26":"tag-top-stories","27":"tag-topstories","28":"tag-varlden","29":"tag-world","30":"tag-world-news","31":"tag-worldnews"},"share_on_mastodon":{"url":"https:\/\/pubeurope.com\/@se\/115883256266326520","error":""},"_links":{"self":[{"href":"https:\/\/www.europesays.com\/se\/wp-json\/wp\/v2\/posts\/133557","targetHints":{"allow":["GET"]}}],"collection":[{"href":"https:\/\/www.europesays.com\/se\/wp-json\/wp\/v2\/posts"}],"about":[{"href":"https:\/\/www.europesays.com\/se\/wp-json\/wp\/v2\/types\/post"}],"author":[{"embeddable":true,"href":"https:\/\/www.europesays.com\/se\/wp-json\/wp\/v2\/users\/2"}],"replies":[{"embeddable":true,"href":"https:\/\/www.europesays.com\/se\/wp-json\/wp\/v2\/comments?post=133557"}],"version-history":[{"count":0,"href":"https:\/\/www.europesays.com\/se\/wp-json\/wp\/v2\/posts\/133557\/revisions"}],"wp:featuredmedia":[{"embeddable":true,"href":"https:\/\/www.europesays.com\/se\/wp-json\/wp\/v2\/media\/133558"}],"wp:attachment":[{"href":"https:\/\/www.europesays.com\/se\/wp-json\/wp\/v2\/media?parent=133557"}],"wp:term":[{"taxonomy":"category","embeddable":true,"href":"https:\/\/www.europesays.com\/se\/wp-json\/wp\/v2\/categories?post=133557"},{"taxonomy":"post_tag","embeddable":true,"href":"https:\/\/www.europesays.com\/se\/wp-json\/wp\/v2\/tags?post=133557"}],"curies":[{"name":"wp","href":"https:\/\/api.w.org\/{rel}","templated":true}]}}