{"id":133559,"date":"2026-01-12T17:15:23","date_gmt":"2026-01-12T17:15:23","guid":{"rendered":"https:\/\/www.europesays.com\/se\/133559\/"},"modified":"2026-01-12T17:15:23","modified_gmt":"2026-01-12T17:15:23","slug":"delmis-remissvar-pa-betankandet-skarpta-villkor-for-anhoriginvandring","status":"publish","type":"post","link":"https:\/\/www.europesays.com\/se\/133559\/","title":{"rendered":"Delmis remissvar p\u00e5 bet\u00e4nkandet Sk\u00e4rpta villkor f\u00f6r anh\u00f6riginvandring"},"content":{"rendered":"<p>&#13;<br \/>\n        Innan regeringen tar st\u00e4llning till ett f\u00f6rslag skickas det ut p\u00e5 remiss till ber\u00f6rda myndigheter, organisationer, kommuner och andra intressenter. I menyn till h\u00f6ger kan ni ta del av Delmis remissvar avseende SOU 2025:95 Sk\u00e4rpta villkor f\u00f6r anh\u00f6riginvandring.<br \/>\n&#13;\n    <\/p>\n<p>Delmi har f\u00e5tt i uppdrag att l\u00e4mna ett remissyttrande om bet\u00e4nkandet Sk\u00e4rpta villkor f\u00f6r anh\u00f6riginvandring och har d\u00e4rf\u00f6r tagit del av f\u00f6rslagen som bland annat syftar till att g\u00f6ra regelverket mer restriktivt. Delmis svar utg\u00e5r fr\u00e5n v\u00e5rt uppdrag att genom analys av svenska och internationella forskningsresultat tillhandah\u00e5lla underlag f\u00f6r hur den framtida migrations- och integrationspolitiken b\u00f6r utformas.<\/p>\n<p>Utredningen har gjort en bred \u00f6versyn av regelverket f\u00f6r anh\u00f6riginvandring. F\u00f6rslagen inneb\u00e4r bland annat att en tv\u00e5\u00e5rig v\u00e4ntetid inf\u00f6rs som huvudregel vid viss anh\u00f6riginvandring, f\u00f6rs\u00f6rjningskrav utvidgas samt att dessa f\u00f6rs\u00f6rjningskrav \u00e5terkommande ska pr\u00f6vas vid f\u00f6rl\u00e4ngning av uppeh\u00e5llstillst\u00e5nd och att DNA-analys erbjuds i fler fall d\u00e4r biologiskt sl\u00e4ktskap \u00e5beropas.\u00a0<\/p>\n<blockquote>\n<p>Delmi avstyrker f\u00f6rslaget om att en tv\u00e5\u00e5rig v\u00e4ntetid i samband med\u00a0anh\u00f6riginvandring ska vara huvudregel d\u00e5 Delmi inte bed\u00f6mer att f\u00f6rslaget fr\u00e4mjar integration. Utredningens antagande att s\u00e5dana v\u00e4ntetider skulle f\u00e5 positiva effekter mots\u00e4gs av forskning p\u00e5 omr\u00e5det. Det saknas ocks\u00e5 en genomlysning av de samh\u00e4llsekonomiska konsekvenserna av f\u00f6rdr\u00f6jd etablering.<\/p>\n<\/blockquote>\n<p>Citat fr\u00e5n Delmis remissvar.<\/p>\n<p>Delmi avstyrker flera av de f\u00f6rslag som syftar till att inskr\u00e4nka m\u00f6jligheterna\u00a0till familje\u00e5terf\u00f6rening. Detta g\u00e4ller s\u00e4rskilt \u00e5tg\u00e4rder s\u00e5som f\u00f6rl\u00e4ngda v\u00e4ntetider, sk\u00e4rpta f\u00f6rs\u00f6rjningskrav och ett minskat utrymme f\u00f6r undantag.<\/p>\n<p>Delmi tillstyrker emellertid vissa av utredningens f\u00f6rslag som syftar till att f\u00f6rtydliga och utveckla nuvarande reglering. Detta g\u00e4ller bland annat f\u00f6rslaget om att f\u00f6rtydliga och st\u00e4rka m\u00f6jligheten till uppeh\u00e5llstillst\u00e5nd f\u00f6r f\u00f6r\u00e4ldrar som redan har ett etablerat familjeliv med barn i Sverige.<\/p>\n<p>Detta remissvar \u00e4r f\u00f6rfattat av Delmis utredningssekreterare <strong>Iris Luthman<\/strong> och <strong>Andreas Savelli<\/strong>.<\/p>\n<p>Fotograf: Yunus Tug via Unsplash.<\/p>\n","protected":false},"excerpt":{"rendered":"&#13; Innan regeringen tar st\u00e4llning till ett f\u00f6rslag skickas det ut p\u00e5 remiss till ber\u00f6rda myndigheter, organisationer, kommuner&hellip;\n","protected":false},"author":2,"featured_media":133560,"comment_status":"","ping_status":"","sticky":false,"template":"","format":"standard","meta":{"footnotes":""},"categories":[12],"tags":[22,23,26,27,17,21,24,25,28,29,15,16,18,34,31,33,32,30,19,20],"class_list":{"0":"post-133559","1":"post","2":"type-post","3":"status-publish","4":"format-standard","5":"has-post-thumbnail","7":"category-sverige","8":"tag-breaking-news","9":"tag-breakingnews","10":"tag-featured-news","11":"tag-featurednews","12":"tag-headlines","13":"tag-huvudnyheter","14":"tag-latest-news","15":"tag-latestnews","16":"tag-main-news","17":"tag-mainnews","18":"tag-news","19":"tag-nyheter","20":"tag-rubriker","21":"tag-se","22":"tag-svenska","23":"tag-sverige","24":"tag-sweden","25":"tag-swedish","26":"tag-top-stories","27":"tag-topstories"},"share_on_mastodon":{"url":"https:\/\/pubeurope.com\/@se\/115883260153313438","error":""},"_links":{"self":[{"href":"https:\/\/www.europesays.com\/se\/wp-json\/wp\/v2\/posts\/133559","targetHints":{"allow":["GET"]}}],"collection":[{"href":"https:\/\/www.europesays.com\/se\/wp-json\/wp\/v2\/posts"}],"about":[{"href":"https:\/\/www.europesays.com\/se\/wp-json\/wp\/v2\/types\/post"}],"author":[{"embeddable":true,"href":"https:\/\/www.europesays.com\/se\/wp-json\/wp\/v2\/users\/2"}],"replies":[{"embeddable":true,"href":"https:\/\/www.europesays.com\/se\/wp-json\/wp\/v2\/comments?post=133559"}],"version-history":[{"count":0,"href":"https:\/\/www.europesays.com\/se\/wp-json\/wp\/v2\/posts\/133559\/revisions"}],"wp:featuredmedia":[{"embeddable":true,"href":"https:\/\/www.europesays.com\/se\/wp-json\/wp\/v2\/media\/133560"}],"wp:attachment":[{"href":"https:\/\/www.europesays.com\/se\/wp-json\/wp\/v2\/media?parent=133559"}],"wp:term":[{"taxonomy":"category","embeddable":true,"href":"https:\/\/www.europesays.com\/se\/wp-json\/wp\/v2\/categories?post=133559"},{"taxonomy":"post_tag","embeddable":true,"href":"https:\/\/www.europesays.com\/se\/wp-json\/wp\/v2\/tags?post=133559"}],"curies":[{"name":"wp","href":"https:\/\/api.w.org\/{rel}","templated":true}]}}