{"id":133561,"date":"2026-01-12T17:18:10","date_gmt":"2026-01-12T17:18:10","guid":{"rendered":"https:\/\/www.europesays.com\/se\/133561\/"},"modified":"2026-01-12T17:18:10","modified_gmt":"2026-01-12T17:18:10","slug":"uppgifter-paqueta-overens-med-flamengo-premier-league","status":"publish","type":"post","link":"https:\/\/www.europesays.com\/se\/133561\/","title":{"rendered":"Uppgifter: Paquet\u00e1 \u00f6verens med Flamengo &#8211; Premier League"},"content":{"rendered":"<p>Lucas Paquet\u00e1 har varit omskriven i b\u00e5de positiva och mindre smickrande ordalag under sin tid i Premier League.<\/p>\n<p>P\u00e5 planen har han varit en av West Hams b\u00e4rande spelare och st\u00e5tt f\u00f6r prestationer som gjort att han kopplats samman med en flytt till j\u00e4ttar som Manchester City och Manchester United.<\/p>\n<p>Samtidigt har brassen varit i bl\u00e5sv\u00e4der sedan han blivit anklagad f\u00f6r att ha brutit mot FA:s regler g\u00e4llande otill\u00e5ten betting.<\/p>\n<p>Nu ser Paquet\u00e1 ut att g\u00e5 mot exit fr\u00e5n England, om man ska tro transfergurun Fabrizio Romano. Enligt journalisten vill Paquet\u00e1 flytta hem till Brasilien och har f\u00f6rt samtal med Rio de Janeiro-klubben Flamengo.<\/p>\n<p>Det var i Flamengo som 28-\u00e5ringen fostrades i och fick sitt genombrott, innan flytten till Milan och sedermera sejourer i Lyon och West Ham. <\/p>\n<p>Uppgifterna g\u00f6r g\u00e4llande att Paquet\u00e1 personligen \u00e4r \u00f6verens om villkor vid en flytt till Flamengo. Det ska nu vara upp till West Ham att komma \u00f6verens om en transfersumma i fall London-klubben vill s\u00e4lja mittf\u00e4ltaren.<\/p>\n<p>The Guardian kommer samtidigt med uppgifter som g\u00f6r g\u00e4llande att Paquet\u00e1 &#8221;absolut inte&#8221; kan se sig sj\u00e4lv spela f\u00f6r West Ham n\u00e4sta s\u00e4song.<\/p>\n<p>Lucas Paquet\u00e1 har totalt noterats f\u00f6r 139 matcher, 23 m\u00e5l och 15 assist i West Ham sedan ankomsten till klubben 2022. Hans kontrakt med &#8221;Hammers&#8221; l\u00f6per ut sommaren 2027.<\/p>\n","protected":false},"excerpt":{"rendered":"Lucas Paquet\u00e1 har varit omskriven i b\u00e5de positiva och mindre smickrande ordalag under sin tid i Premier League.&hellip;\n","protected":false},"author":2,"featured_media":133562,"comment_status":"","ping_status":"","sticky":false,"template":"","format":"standard","meta":{"footnotes":""},"categories":[68],"tags":[34,111,110,31,33,32,30],"class_list":{"0":"post-133561","1":"post","2":"type-post","3":"status-publish","4":"format-standard","5":"has-post-thumbnail","7":"category-sport","8":"tag-se","9":"tag-sport","10":"tag-sports","11":"tag-svenska","12":"tag-sverige","13":"tag-sweden","14":"tag-swedish"},"share_on_mastodon":{"url":"https:\/\/pubeurope.com\/@se\/115883271975102128","error":""},"_links":{"self":[{"href":"https:\/\/www.europesays.com\/se\/wp-json\/wp\/v2\/posts\/133561","targetHints":{"allow":["GET"]}}],"collection":[{"href":"https:\/\/www.europesays.com\/se\/wp-json\/wp\/v2\/posts"}],"about":[{"href":"https:\/\/www.europesays.com\/se\/wp-json\/wp\/v2\/types\/post"}],"author":[{"embeddable":true,"href":"https:\/\/www.europesays.com\/se\/wp-json\/wp\/v2\/users\/2"}],"replies":[{"embeddable":true,"href":"https:\/\/www.europesays.com\/se\/wp-json\/wp\/v2\/comments?post=133561"}],"version-history":[{"count":0,"href":"https:\/\/www.europesays.com\/se\/wp-json\/wp\/v2\/posts\/133561\/revisions"}],"wp:featuredmedia":[{"embeddable":true,"href":"https:\/\/www.europesays.com\/se\/wp-json\/wp\/v2\/media\/133562"}],"wp:attachment":[{"href":"https:\/\/www.europesays.com\/se\/wp-json\/wp\/v2\/media?parent=133561"}],"wp:term":[{"taxonomy":"category","embeddable":true,"href":"https:\/\/www.europesays.com\/se\/wp-json\/wp\/v2\/categories?post=133561"},{"taxonomy":"post_tag","embeddable":true,"href":"https:\/\/www.europesays.com\/se\/wp-json\/wp\/v2\/tags?post=133561"}],"curies":[{"name":"wp","href":"https:\/\/api.w.org\/{rel}","templated":true}]}}