{"id":133591,"date":"2026-01-12T18:14:14","date_gmt":"2026-01-12T18:14:14","guid":{"rendered":"https:\/\/www.europesays.com\/se\/133591\/"},"modified":"2026-01-12T18:14:14","modified_gmt":"2026-01-12T18:14:14","slug":"mick-schumachers-nya-karlek-ihop-med-modellen","status":"publish","type":"post","link":"https:\/\/www.europesays.com\/se\/133591\/","title":{"rendered":"Mick Schumachers nya k\u00e4rlek \u2013 ihop med modellen"},"content":{"rendered":"<p>Publicerad 11 jan 2026 kl 17.34Uppdaterad 12 jan kl 13.15<\/p>\n<p>Mick Schumacher har hittat k\u00e4rleken.\u00a0<\/p>\n<p>Racingf\u00f6raren \u00e4r tillsammans med modellen Clara Ramos, enligt <a href=\"https:\/\/isport.blesk.cz\/clanek\/blesk-sport\/470650\/schumacheruv-syn-mick-nova-laska.html\" rel=\"nofollow noopener\" target=\"_blank\">Blesk<\/a>.\u00a0<\/p>\n<p>Nyligen s\u00e5gs de under en romantisk stund p\u00e5 Mallorca.<\/p>\n<p>Senaste sportklippen fr\u00e5n Expressen.<img   alt=\"\"\/><\/p>\n<p>Mick Schumacher har tidigare varit tillsammans med Laila Hasanovic.<\/p>\n<p>Foto: SHUTTERSTOCK EDITORIAL\/IBL<\/p>\n<p>\u00d6ppna bild i helsk\u00e4rm<img loading=\"lazy\"   alt=\"\"\/><\/p>\n<p>Clara Ramos rapporteras vara Schumachers nya k\u00e4rlek.<\/p>\n<p>Foto: Instagram.<\/p>\n<p>\u00d6ppna bild i helsk\u00e4rm<\/p>\n<p>Tidningen skriver att <a href=\"https:\/\/www.expressen.se\/tagg\/person\/mick-schumacher\/\" class=\"\" rel=\"nofollow noopener\" target=\"_blank\">Mick Schumacher<\/a>, son till racinglegendaren Michael Schumacher, har hittat k\u00e4rleken igen.\u00a0<\/p>\n<p>26-\u00e5ringen \u00e4r tillsammans med den portugisiska modellen Clara Ramos, 24.\u00a0<\/p>\n<p>Nyligen s\u00e5gs de b\u00e5da p\u00e5 Mallorca d\u00e4r de delade en romantisk stund p\u00e5 en golfbana. Ramos studerar p\u00e5 Barcelonas universitet parallellt med sin modellkarri\u00e4r som tar henne v\u00e4rlden \u00f6ver.\u00a0<\/p>\n<p>Tillsammans med Sinner<\/p>\n<p>Tidigare F1-f\u00f6raren Mich Schumacher har tidigare varit tillsammans med den danska modellen Laila Hasanovic. Numera \u00e4r Hasanovic tillsammans med Jannik Sinner. paret blev offentliga under en<a href=\"https:\/\/www.expressen.se\/sport\/tennis\/jannik-sinner-avslojar-karleken-framfor-alla-\/\" rel=\"nofollow noopener\" target=\"_blank\"> turnering i Wien i oktober 2025. <\/a>\u00a0<\/p>\n<p>Hasanovic har ocks\u00e5 tidigare dejtat den danske fotbollsspelaren Jonas Wind.\u00a0<\/p>\n<p>Mick Schumacher har tidigare k\u00f6rt i formel 1 f\u00f6r Haas, men har nu flyttat till Indycar.\u00a0<\/p>\n","protected":false},"excerpt":{"rendered":"Publicerad 11 jan 2026 kl 17.34Uppdaterad 12 jan kl 13.15 Mick Schumacher har hittat k\u00e4rleken.\u00a0 Racingf\u00f6raren \u00e4r tillsammans&hellip;\n","protected":false},"author":2,"featured_media":133592,"comment_status":"","ping_status":"","sticky":false,"template":"","format":"standard","meta":{"footnotes":""},"categories":[68],"tags":[13566,34,562,111,110,31,33,32,30],"class_list":{"0":"post-133591","1":"post","2":"type-post","3":"status-publish","4":"format-standard","5":"has-post-thumbnail","7":"category-sport","8":"tag-person-mick-schumacher","9":"tag-se","10":"tag-sections-motor","11":"tag-sport","12":"tag-sports","13":"tag-svenska","14":"tag-sverige","15":"tag-sweden","16":"tag-swedish"},"share_on_mastodon":{"url":"https:\/\/pubeurope.com\/@se\/115883492334693283","error":""},"_links":{"self":[{"href":"https:\/\/www.europesays.com\/se\/wp-json\/wp\/v2\/posts\/133591","targetHints":{"allow":["GET"]}}],"collection":[{"href":"https:\/\/www.europesays.com\/se\/wp-json\/wp\/v2\/posts"}],"about":[{"href":"https:\/\/www.europesays.com\/se\/wp-json\/wp\/v2\/types\/post"}],"author":[{"embeddable":true,"href":"https:\/\/www.europesays.com\/se\/wp-json\/wp\/v2\/users\/2"}],"replies":[{"embeddable":true,"href":"https:\/\/www.europesays.com\/se\/wp-json\/wp\/v2\/comments?post=133591"}],"version-history":[{"count":0,"href":"https:\/\/www.europesays.com\/se\/wp-json\/wp\/v2\/posts\/133591\/revisions"}],"wp:featuredmedia":[{"embeddable":true,"href":"https:\/\/www.europesays.com\/se\/wp-json\/wp\/v2\/media\/133592"}],"wp:attachment":[{"href":"https:\/\/www.europesays.com\/se\/wp-json\/wp\/v2\/media?parent=133591"}],"wp:term":[{"taxonomy":"category","embeddable":true,"href":"https:\/\/www.europesays.com\/se\/wp-json\/wp\/v2\/categories?post=133591"},{"taxonomy":"post_tag","embeddable":true,"href":"https:\/\/www.europesays.com\/se\/wp-json\/wp\/v2\/tags?post=133591"}],"curies":[{"name":"wp","href":"https:\/\/api.w.org\/{rel}","templated":true}]}}